{"id":931,"date":"2025-08-28T17:00:10","date_gmt":"2025-08-28T15:00:10","guid":{"rendered":"https:\/\/raslamine.noblogs.org\/?p=931"},"modified":"2025-09-19T12:05:16","modified_gmt":"2025-09-19T10:05:16","slug":"au-portugal-le-combat-acharne-de-villages-contre-une-mine-de-lithium","status":"publish","type":"post","link":"https:\/\/raslamine.noblogs.org\/?p=931","title":{"rendered":"Au Portugal, le combat acharn\u00e9 de villages contre une mine de lithium"},"content":{"rendered":"<p>[pomp\u00e9 sur <a href=\"https:\/\/reporterre.net\/Au-Portugal-le-combat-acharne-de-villages-contre-une-mine\">reporterre<\/a>]<\/p>\n<p><img loading=\"lazy\" decoding=\"async\" class=\"alignnone size-full wp-image-932\" src=\"https:\/\/raslamine.noblogs.org\/files\/2025\/08\/manif_village-a5090.webp\" alt=\"\" width=\"720\" height=\"480\" srcset=\"https:\/\/raslamine.noblogs.org\/files\/2025\/08\/manif_village-a5090.webp 720w, https:\/\/raslamine.noblogs.org\/files\/2025\/08\/manif_village-a5090-300x200.webp 300w\" sizes=\"auto, (max-width: 720px) 100vw, 720px\" \/><\/p>\n<p>Tr\u00e8s mobilis\u00e9e contre l\u2019ouverture d\u2019une mine de lithium, une communaut\u00e9 rurale du nord du Portugal fait preuve de cr\u00e9ativit\u00e9 pour attirer l\u2019attention sur sa lutte. L\u2019Europe et le gouvernement portugais, eux, soutiennent le projet.<\/p>\n<p><i> \u00ab<small class=\"fine d-inline\">\u00a0<\/small>Les personnes, l\u2019agriculture, l\u2019eau et l\u2019air pur valent-ils plus que 1 tonne de lithium<small class=\"fine d-inline\">\u00a0<\/small>?<small class=\"fine d-inline\">\u00a0<\/small>\u00bb <\/i> Les hu\u00e9es montent dans la foule, mass\u00e9e en arc de cercle face \u00e0 la petite \u00e9glise devant laquelle se tient une avocate en robe noire. \u00c0 sa gauche, neuf t\u00e9moins venus exposer leurs griefs. \u00c0 sa droite, un juge les \u00e9coute, marteau \u00e0 la main.<\/p>\n<p>Un peu plus loin, le mis en cause est ligot\u00e9 \u00e0 un poteau. Dans le fond, la verdeur impassible des montagnes du Barroso, tout au nord du Portugal, contemple les d\u00e9bats de ce tribunal populaire. Celui que tous appellent <i>\u00ab<small class=\"fine d-inline\">\u00a0<\/small>le salopard<small class=\"fine d-inline\">\u00a0<\/small>\u00bb<\/i> (<i>\u00ab<small class=\"fine d-inline\">\u00a0<\/small>sacana<small class=\"fine d-inline\">\u00a0<\/small>\u00bb<\/i>) sera bient\u00f4t lynch\u00e9 \u00e0 coup de b\u00eaches, devant une foule ravie de voir ce pantin de carton et de papier servir d\u2019exutoire.<\/p>\n<p>Nous sommes le 9\u00a0ao\u00fbt, sur la place de la communaut\u00e9 rurale de Covas do Barroso. \u00c0 l\u2019initiative de membres de l\u2019association Unis en d\u00e9fense de Covas do Barroso (<span class=\"caps\">UDCB<\/span>), ce proc\u00e8s est une mise en sc\u00e8ne satirique d\u00e9non\u00e7ant un projet appuy\u00e9 par le gouvernement portugais et par Bruxelles. Sur cette zone reconnue pour sa valeur agro\u00e9cologique et ses paysages, l\u2019entreprise britannique Savannah Resources tente d\u2019ouvrir le plus gros site d\u2019extraction de lithium \u00e0 ciel ouvert de l\u2019Union europ\u00e9enne.<\/p>\n<p><a class=\"lien_lireaussi\" href=\"https:\/\/reporterre.net\/Au-Portugal-une-mine-de-lithium-menace-une-vallee-agricole-exceptionnelle\"><strong>Lire aussi : <\/strong> Adieu p\u00e2turages\u00a0: au Portugal, une d\u00e9vastatrice mine de lithium \u00e0 ciel ouvert<\/a><\/p>\n<p>D\u2019ici 2027, quatre mines pourraient \u00eatre install\u00e9es sur les terrains de cette petite communaut\u00e9 rurale. Depuis plusieurs ann\u00e9es, une forte mobilisation en fait l\u2019un des cas embl\u00e9matiques de la lutte contre l\u2019extraction de mati\u00e8res premi\u00e8res critiques (<span class=\"caps\">MPC<\/span>). Celles-ci sont consid\u00e9r\u00e9es comme essentielles \u00e0 la transition \u00e9nerg\u00e9tique, la num\u00e9risation et l\u2019industrie de la d\u00e9fense.<\/p>\n<h2 class=\"spip\">Une zone class\u00e9e Patrimoine agricole mondial<\/h2>\n<p>Du 8 au 10\u00a0ao\u00fbt, l\u2019<span class=\"caps\">UDCB<\/span> a organis\u00e9 un nouveau campement pour appuyer cette lutte. \u00c0 la table des t\u00e9moins, Maria, agricultrice de 59 ans, laisse \u00e9clater son indignation. <i>\u00ab<small class=\"fine d-inline\">\u00a0<\/small>Savannah est entr\u00e9e sur nos terrains sans autorisation. Quand nous nous en sommes rendus compte, ils en avaient d\u00e9j\u00e0 d\u00e9truit une partie. On les a foutus dehors. Mais ils sont revenus avec pleins de gendarmes. Ils nous ont donn\u00e9 un quart d\u2019heure pour partir. Sinon, ils nous arr\u00eataient tous. On a eu peur<small class=\"fine d-inline\">\u00a0<\/small>\u00bb<\/i>, raconte-t-elle \u00e0 <i>Reporterre<\/i>.<\/p>\n<p><img loading=\"lazy\" decoding=\"async\" class=\"alignnone size-full wp-image-933\" src=\"https:\/\/raslamine.noblogs.org\/files\/2025\/08\/maria_2-10c6e.webp\" alt=\"\" width=\"1050\" height=\"700\" srcset=\"https:\/\/raslamine.noblogs.org\/files\/2025\/08\/maria_2-10c6e.webp 1050w, https:\/\/raslamine.noblogs.org\/files\/2025\/08\/maria_2-10c6e-300x200.webp 300w, https:\/\/raslamine.noblogs.org\/files\/2025\/08\/maria_2-10c6e-1024x683.webp 1024w, https:\/\/raslamine.noblogs.org\/files\/2025\/08\/maria_2-10c6e-768x512.webp 768w\" sizes=\"auto, (max-width: 1050px) 100vw, 1050px\" \/><\/p>\n<p>Des forages non autoris\u00e9s ont \u00e9t\u00e9 r\u00e9alis\u00e9s sur un de ses terrains. <i>\u00ab<small class=\"fine d-inline\">\u00a0<\/small>J\u2019ai grandi ici, comme mes parents. L\u2019un de mes fils a \u00e9migr\u00e9, l\u2019autre est rest\u00e9 par amour pour ce lieu. C\u2019est un petit coin de paradis. Je ne m\u2019en rendais pas compte avant de risquer de le perdre<small class=\"fine d-inline\">\u00a0<\/small>\u00bb<\/i>, t\u00e9moigne Maria.<\/p>\n<p>Dans le hameau de Romainho (rattach\u00e9 \u00e0 Covas do Barroso), Daniel, lui aussi agriculteur, cueille un brin de verveine pour indiquer d\u2019o\u00f9 vient l\u2019odeur qui embaume sa petite parcelle. <i>\u00ab<small class=\"fine d-inline\">\u00a0<\/small>C\u2019est ce p\u00e2turage qui rend notre viande si bonne. Ici, nous ne mettons pas de produits chimiques dans la terre. Nous cultivons de mani\u00e8re ancestrale. On ne fait pas dans la quantit\u00e9. Tu ne trouves pas cette qualit\u00e9 en Espagne, ni en France<small class=\"fine d-inline\">\u00a0<\/small>!<small class=\"fine d-inline\">\u00a0<\/small>\u00bb<\/i> assure le robuste sexag\u00e9naire. Cette parcelle n\u2019est plus utilisable, car elle est incluse dans la <i>\u00ab<small class=\"fine d-inline\">\u00a0<\/small>zone de s\u00e9curit\u00e9<small class=\"fine d-inline\">\u00a0<\/small>\u00bb<\/i> des terrains miniers. Quelques centaines de m\u00e8tres plus bas, des sillons de terre nue ont \u00e9t\u00e9 creus\u00e9s dans le sous-bois, d\u2019o\u00f9 Savannah extrait des \u00e9chantillons \u00e0 analyser.<\/p>\n<p><img loading=\"lazy\" decoding=\"async\" class=\"alignnone size-full wp-image-934\" src=\"https:\/\/raslamine.noblogs.org\/files\/2025\/08\/daniel-555b8.webp\" alt=\"\" width=\"1050\" height=\"700\" srcset=\"https:\/\/raslamine.noblogs.org\/files\/2025\/08\/daniel-555b8.webp 1050w, https:\/\/raslamine.noblogs.org\/files\/2025\/08\/daniel-555b8-300x200.webp 300w, https:\/\/raslamine.noblogs.org\/files\/2025\/08\/daniel-555b8-1024x683.webp 1024w, https:\/\/raslamine.noblogs.org\/files\/2025\/08\/daniel-555b8-768x512.webp 768w\" sizes=\"auto, (max-width: 1050px) 100vw, 1050px\" \/><\/p>\n<p>Le Barroso abrite un syst\u00e8me agricole rare, qui pr\u00e9serve la biodiversit\u00e9 et fa\u00e7onne ses paysages. Des all\u00e9es \u00e9troites serpentent entre les maisons de pierre s\u00e8che des hameaux. Un berger munit d\u2019un b\u00e2ton court guide ses b\u00eates avec de petites tapes dans la croupe. Des murets s\u00e9parent des terrassements irr\u00e9guliers, dans le vert de cette r\u00e9gion aux nuages g\u00e9n\u00e9reux. La zone <a class=\"spip_out\" href=\"https:\/\/www.fao.org\/giahs\/around-the-world\/detail\/portugal-barroso\/fr\" target=\"_blank\" rel=\"external noopener\">est class\u00e9e Patrimoine agricole mondial<\/a> par l\u2019Organisation des Nations unies pour l\u2019alimentation (<span class=\"caps\">FAO<\/span>)\u00a0: <a class=\"spip_out\" href=\"https:\/\/www.fao.org\/giahs\/regions\/europe-and-central-asia\/fr\" target=\"_blank\" rel=\"external noopener\">un label rare, le seul d\u00e9cern\u00e9 au Portugal<\/a>.<\/p>\n<h2 class=\"spip\">Une lutte qui mobilise de plus en plus<\/h2>\n<p>Pr\u00e8s de 200 personnes ont particip\u00e9 au campement cette ann\u00e9e. La plupart venaient d\u2019autres r\u00e9gions du pays, certaines d\u2019Espagne ou de plus loin encore. Depuis la premi\u00e8re \u00e9dition, il y a cinq ans, le nombre de participants a doubl\u00e9. <i>\u00ab<small class=\"fine d-inline\">\u00a0<\/small>C\u2019est la premi\u00e8re fois que je viens. Il faut rencontrer l\u2019endroit, sa beaut\u00e9 pour en tomber amoureux et avoir envie de le d\u00e9fendre<small class=\"fine d-inline\">\u00a0<\/small>\u00bb<\/i> , estime Marta Conde, qui vit \u00e0 Barcelone. Chercheuse universitaire, elle milite contre la multiplication des projets miniers en Espagne.<\/p>\n<p><i>\u00ab<small class=\"fine d-inline\">\u00a0<\/small>Nous sommes peu nombreux \u00e0 Covas do Barroso\u00a0: autour de 150 habitants permanents. Plus il y a de monde dispos\u00e9 \u00e0 venir et aider, mieux c\u2019est. C\u2019est un campement de lutte, mais aussi de chaleur humaine et de bons moments<small class=\"fine d-inline\">\u00a0<\/small>\u00bb<\/i>, souligne Aida Fernandes, figure de proue d\u2019<span class=\"caps\">UDCB<\/span>, assise \u00e0 l\u2019ombre des arbres qui bordent la rivi\u00e8re Covas, laquelle coule en contrebas des hameaux. Un peu plus loin, des participants se baignent, se pr\u00e9lassent sur l\u2019herbe ou jouent quelques accords de guitare.<\/p>\n<p><img loading=\"lazy\" decoding=\"async\" class=\"alignnone size-full wp-image-935\" src=\"https:\/\/raslamine.noblogs.org\/files\/2025\/08\/daniel_maria_y_albina_lynchent_le_pantin_a_l_effigie_du_salopard-a6943.webp\" alt=\"\" width=\"1050\" height=\"700\" srcset=\"https:\/\/raslamine.noblogs.org\/files\/2025\/08\/daniel_maria_y_albina_lynchent_le_pantin_a_l_effigie_du_salopard-a6943.webp 1050w, https:\/\/raslamine.noblogs.org\/files\/2025\/08\/daniel_maria_y_albina_lynchent_le_pantin_a_l_effigie_du_salopard-a6943-300x200.webp 300w, https:\/\/raslamine.noblogs.org\/files\/2025\/08\/daniel_maria_y_albina_lynchent_le_pantin_a_l_effigie_du_salopard-a6943-1024x683.webp 1024w, https:\/\/raslamine.noblogs.org\/files\/2025\/08\/daniel_maria_y_albina_lynchent_le_pantin_a_l_effigie_du_salopard-a6943-768x512.webp 768w\" sizes=\"auto, (max-width: 1050px) 100vw, 1050px\" \/>Les participants au proc\u00e8s fictif ont pu lyncher le pantin repr\u00e9sentant le mis en cause, \u00e0 l\u2019issu du proc\u00e8s.<\/p>\n<p><i>\u00ab<small class=\"fine d-inline\">\u00a0<\/small>Le peuple du Barroso est juste. [&#8230;] Ici, ce sont les gens qui d\u00e9cident<small class=\"fine d-inline\">\u00a0<\/small>\u00bb<\/i>, proclamait le juge en introduction des d\u00e9bats. Ces mots traduisent une id\u00e9e bien enracin\u00e9e ici. Les <i>\u00ab<small class=\"fine d-inline\">\u00a0<\/small>baldios<small class=\"fine d-inline\">\u00a0<\/small>\u00bb<\/i>, un syst\u00e8me de terres communautaires, sont officiellement g\u00e9r\u00e9s par une assembl\u00e9e d\u00e9lib\u00e9rative qui r\u00e9unit tous les habitants, dot\u00e9s d\u2019une voix chacun. <i>\u00ab<small class=\"fine d-inline\">\u00a0<\/small>Jusqu\u2019\u00e0 aujourd\u2019hui, l\u2019assembl\u00e9e s\u2019est toujours prononc\u00e9e contre le projet<small class=\"fine d-inline\">\u00a0<\/small>\u00bb<\/i>, insiste Aida Fernandes, \u00e9galement pr\u00e9sidente du conseil ex\u00e9cutif de l\u2019assembl\u00e9e locale.<\/p>\n<p>La Covas serait aussi menac\u00e9e. Selon l\u2019<span class=\"caps\">ONG<\/span> ClientEarth, les plans pr\u00e9sent\u00e9s par Savannah ne sont pas clairs quant \u00e0 la provenance des tr\u00e8s grandes quantit\u00e9s d\u2019eau n\u00e9cessaires \u00e0 l\u2019exploitation des quatre mines. L\u2019entreprise pr\u00e9voyait de pomper celle de la rivi\u00e8re, avant d\u2019\u00eatre contrainte de revoir sa copie. Mais des habitants craignent encore qu\u2019elle en utilise, si elle parvient \u00e0 s\u2019installer. Quant au barrage qui doit contenir les r\u00e9sidus d\u2019exploitation toxiques, il pr\u00e9senterait plusieurs faiblesses. D\u2019apr\u00e8s un rapport d\u2019expert, une rupture entra\u00eenerait une catastrophe \u00e9cologique majeure et pourrait polluer le fleuve Douro, en aval.<\/p>\n<h2 class=\"spip\">La Commission europ\u00e9enne interpell\u00e9e par des <span class=\"caps\">ONG<\/span><\/h2>\n<p>Le gouvernement portugais, lui, ne s\u2019est jamais oppos\u00e9 au projet. En d\u00e9cembre, il a m\u00eame conc\u00e9d\u00e9 une \u00ab<small class=\"fine d-inline\">\u00a0<\/small><i>servitude<\/i><small class=\"fine d-inline\">\u00a0<\/small>\u00bb administrative \u00e0 Savannah Resources, afin de lui permettre d\u2019op\u00e9rer sur des terrains priv\u00e9s. En mars, le Barroso Lithium Project a \u00e9t\u00e9 d\u00e9clar\u00e9 \u00ab<small class=\"fine d-inline\">\u00a0<\/small>projet strat\u00e9gique<small class=\"fine d-inline\">\u00a0<\/small>\u00bb par la Commission europ\u00e9enne. <a href=\"https:\/\/reporterre.net\/Au-Portugal-une-mine-de-lithium-menace-une-vallee-agricole-exceptionnelle\">C\u2019est l\u2019outil cl\u00e9 du r\u00e8glement europ\u00e9en pour d\u00e9velopper une industrie mini\u00e8re des mati\u00e8res premi\u00e8res critiques (<span class=\"caps\">CRMA<\/span>)<\/a>. Le projet devrait donc b\u00e9n\u00e9ficier d\u2019un appui politique et institutionnel renforc\u00e9, de financements europ\u00e9ens et de d\u00e9lais de traitement des autorisations r\u00e9duits \u00e0 vingt-sept mois maximum (contre dix ans en moyenne). Contact\u00e9s par <i>Reporterre<\/i>, les minist\u00e8res de l\u2019Environnement et de l\u2019\u00c9nergie n\u2019ont pas donn\u00e9 suite. Savannah Ressources n\u2019a pas non plus r\u00e9pondu \u00e0 nos questions.<\/p>\n<p><a class=\"lien_lireaussi\" href=\"https:\/\/reporterre.net\/Le-lithium-est-une-impasse-dans-l-Allier-des-centaines-de-manifestants-contre-le-projet\"><strong>Lire aussi : <\/strong> \u00ab<small class=\"fine d-inline\">\u00a0<\/small>Le lithium est une impasse<small class=\"fine d-inline\">\u00a0<\/small>\u00bb\u00a0: dans l\u2019Allier, des centaines de manifestants contre le projet de mine<\/a><\/p>\n<p>Le Barroso Lithium Project a fait l\u2019objet d\u2019un recours contre la d\u00e9claration de projet strat\u00e9gique, port\u00e9 par <span class=\"caps\">UDCB<\/span>, l\u2019<span class=\"caps\">ONG<\/span> ClientEarth et le r\u00e9seau Miningwatch Portugal. \u00ab<small class=\"fine d-inline\">\u00a0<\/small><i>Pour d\u00e9clarer un projet strat\u00e9gique, la Commission europ\u00e9enne doit s\u2019assurer du respect des crit\u00e8res garantissant une mise en \u0153uvre de mani\u00e8re durable. D\u2019apr\u00e8s les informations dont nous disposons, il y a des lacunes tr\u00e8s importantes sur la consommation d\u2019eau, l\u2019\u00e9valuation de l\u2019impact sur la biodiversit\u00e9, le risque d\u2019accident majeur et les effets sociaux adverses<\/i><small class=\"fine d-inline\">\u00a0<\/small>\u00bb, souligne Ilze Tralmaka, avocat \u00e0 l\u2019<span class=\"caps\">ONG<\/span> ClientEarth. Quatorze recours similaires ont \u00e9t\u00e9 d\u00e9pos\u00e9s, mais tous n\u2019ont pas eu autant de visibilit\u00e9.<\/p>\n<div class=\"spip_document_93495 spip_document spip_documents spip_document_image spip_documents_center spip_document_center spip_document_avec_legende\" data-legende-len=\"130\" data-legende-lenx=\"xxx\"><\/div>\n<p><img loading=\"lazy\" decoding=\"async\" class=\"alignnone size-full wp-image-936\" src=\"https:\/\/raslamine.noblogs.org\/files\/2025\/08\/berge_riviere_covas-2-2f457.webp\" alt=\"\" width=\"1050\" height=\"700\" srcset=\"https:\/\/raslamine.noblogs.org\/files\/2025\/08\/berge_riviere_covas-2-2f457.webp 1050w, https:\/\/raslamine.noblogs.org\/files\/2025\/08\/berge_riviere_covas-2-2f457-300x200.webp 300w, https:\/\/raslamine.noblogs.org\/files\/2025\/08\/berge_riviere_covas-2-2f457-1024x683.webp 1024w, https:\/\/raslamine.noblogs.org\/files\/2025\/08\/berge_riviere_covas-2-2f457-768x512.webp 768w\" sizes=\"auto, (max-width: 1050px) 100vw, 1050px\" \/><\/p>\n<p>Apr\u00e8s \u00eatre apparue dans un <a class=\"spip_out\" href=\"https:\/\/www.youtube.com\/watch?v=aqPe1YC-gVw\" target=\"_blank\" rel=\"external noopener\">documentaire diffus\u00e9 sur Arte<\/a>, la collectivit\u00e9 de Covas do Barroso <a class=\"spip_out\" href=\"https:\/\/www.youtube.com\/watch?v=9liYWMW7qgU\" target=\"_blank\" rel=\"external noopener\">a fait l\u2019objet d\u2019un film<\/a> en 2024. <i>\u00ab<small class=\"fine d-inline\">\u00a0<\/small>Il y a eu un r\u00e9cit \u00e0 la David contre Goliath, puis un engouement m\u00e9diatique. Il y aussi une bataille narrative avec la Commission et le gouvernement portugais,<\/i> analyse Nik V\u00f6lker, de Miningwatch Portugal. <i>Actuellement, l\u2019attractivit\u00e9 de l\u2019Europe pour les investisseurs est tr\u00e8s limit\u00e9e. Mais si la mine du Barroso est une \u00ab\u00a0success story\u00a0\u00bb, \u00e7a pourrait avoir un effet d\u2019appel<\/i><small class=\"fine d-inline\">\u00a0<\/small>\u00bb, estime-t-il.<\/p>\n<p>\u00c0 Bruxelles, la Commission dispose de vingt-deux semaines pour r\u00e9pondre \u00e0 la requ\u00eate des trois organisations. Si elle rejette leur demande, l\u2019affaire pourrait \u00eatre port\u00e9e devant la Cour de justice de l\u2019Union europ\u00e9enne (<span class=\"caps\">CJUE<\/span>), o\u00f9 une longue bataille judiciaire serait probablement engag\u00e9e. \u00c0 Covas do Barroso, le verdict est d\u00e9j\u00e0 tomb\u00e9\u00a0: la <i>\u00ab<small class=\"fine d-inline\">\u00a0<\/small>sacana<small class=\"fine d-inline\">\u00a0<\/small>\u00bb<\/i> est coupable.<\/p>\n","protected":false},"excerpt":{"rendered":"<p>[pomp\u00e9 sur reporterre] Tr\u00e8s mobilis\u00e9e contre l\u2019ouverture d\u2019une mine de lithium, une communaut\u00e9 rurale du nord du Portugal fait preuve de cr\u00e9ativit\u00e9 pour attirer l\u2019attention sur sa lutte. L\u2019Europe et le gouvernement portugais, eux, soutiennent le projet. \u00ab\u00a0Les personnes, l\u2019agriculture, &hellip; <a href=\"https:\/\/raslamine.noblogs.org\/?p=931\">Continuer la lecture <span class=\"meta-nav\">&rarr;<\/span><\/a><\/p>\n","protected":false},"author":19922,"featured_media":0,"comment_status":"closed","ping_status":"closed","sticky":false,"template":"","format":"standard","meta":{"footnotes":""},"categories":[24],"tags":[],"class_list":["post-931","post","type-post","status-publish","format-standard","hentry","category-luttes-internationales"],"_links":{"self":[{"href":"https:\/\/raslamine.noblogs.org\/index.php?rest_route=\/wp\/v2\/posts\/931","targetHints":{"allow":["GET"]}}],"collection":[{"href":"https:\/\/raslamine.noblogs.org\/index.php?rest_route=\/wp\/v2\/posts"}],"about":[{"href":"https:\/\/raslamine.noblogs.org\/index.php?rest_route=\/wp\/v2\/types\/post"}],"author":[{"embeddable":true,"href":"https:\/\/raslamine.noblogs.org\/index.php?rest_route=\/wp\/v2\/users\/19922"}],"replies":[{"embeddable":true,"href":"https:\/\/raslamine.noblogs.org\/index.php?rest_route=%2Fwp%2Fv2%2Fcomments&post=931"}],"version-history":[{"count":2,"href":"https:\/\/raslamine.noblogs.org\/index.php?rest_route=\/wp\/v2\/posts\/931\/revisions"}],"predecessor-version":[{"id":1016,"href":"https:\/\/raslamine.noblogs.org\/index.php?rest_route=\/wp\/v2\/posts\/931\/revisions\/1016"}],"wp:attachment":[{"href":"https:\/\/raslamine.noblogs.org\/index.php?rest_route=%2Fwp%2Fv2%2Fmedia&parent=931"}],"wp:term":[{"taxonomy":"category","embeddable":true,"href":"https:\/\/raslamine.noblogs.org\/index.php?rest_route=%2Fwp%2Fv2%2Fcategories&post=931"},{"taxonomy":"post_tag","embeddable":true,"href":"https:\/\/raslamine.noblogs.org\/index.php?rest_route=%2Fwp%2Fv2%2Ftags&post=931"}],"curies":[{"name":"wp","href":"https:\/\/api.w.org\/{rel}","templated":true}]}}