{"id":921,"date":"2025-08-28T17:00:43","date_gmt":"2025-08-28T15:00:43","guid":{"rendered":"https:\/\/raslamine.noblogs.org\/?p=921"},"modified":"2025-08-28T08:34:12","modified_gmt":"2025-08-28T06:34:12","slug":"viviers-ardeche-voisins-vigilants-vs-lafarge","status":"publish","type":"post","link":"https:\/\/raslamine.noblogs.org\/?p=921","title":{"rendered":"Viviers (Ard\u00e8che) : voisins vigilants vs Lafarge"},"content":{"rendered":"<div class=\"entry-content\">\n<p>[pomp\u00e9 sur <a href=\"https:\/\/sansnom.noblogs.org\/archives\/26465\">sansnom<\/a>]<\/p>\n<p><strong>Ard\u00e8che. Engins incendi\u00e9s, tag inscrit\u2026 Ce que l\u2019on sait apr\u00e8s l\u2019attaque de l\u2019usine Lafarge<\/strong><br \/>\nLe Dauphin\u00e9, 21 ao\u00fbt 2025 (extrait)<\/p>\n<p><strong>La cimenterie Lafarge<\/strong> du Teil, situ\u00e9e sur la commune voisine de Viviers, a \u00e9t\u00e9 la cible d\u2019une attaque in\u00e9dite dans la nuit du mercredi 20 au jeudi 21 ao\u00fbt. <strong>Deux individus ont, entre 23 heures et minuit, incendi\u00e9 les cabines de deux chargeuses se trouvant dans la carri\u00e8re<\/strong>. Une chargeuse est un imposant engin de chantier, une sorte de bulldozer.<\/p>\n<p>Afin de p\u00e9n\u00e9trer dans la \u00ab\u00a0zone interdite\u00a0\u00bb du cimentier dont l\u2019entr\u00e9e principale est gard\u00e9e, et dont les autres acc\u00e8s sont barr\u00e9s par des panneaux et du grillage, les deux complices ont vraisemblablement d\u00fb s\u2019enfoncer dans les bois en empruntant un sentier escarp\u00e9 et caillouteux.<\/p>\n<p><strong>Avant de quitter le site, les deux incendiaires ont inscrit un tag sur le mur d\u2019un local technique se trouvant \u00e0 proximit\u00e9 des engins\u00a0: \u00ab\u00a0<em>voisins vigilants #10Septembre<\/em>\u00a0\u00bb<\/strong>. Une inscription qui fait r\u00e9f\u00e9rence aux appels \u00e0 \u00ab\u00a0tout bloquer\u00a0\u00bb en France \u00e0 cette date qui se multiplient sur les r\u00e9seaux sociaux et qui sont relay\u00e9s par certains syndicats et partis politiques.<br \/>\n<span id=\"more-26465\"><\/span><\/p>\n<p>Les gendarmes de la brigade de recherches du Teil et de la section de recherches de Grenoble sont en charge de cette affaire sensible qui impacte cette entreprise mondialement connue. Les investigations sont pilot\u00e9es par le parquet de Privas qui a ouvert une enqu\u00eate pour d\u00e9gradations par moyen dangereux.<\/p>\n<p>Les enqu\u00eateurs pourront, notamment s\u2019appuyer sur les diff\u00e9rents relev\u00e9s effectu\u00e9s par les techniciens en identification criminelle de Privas, et par les enregistrements des cam\u00e9ras de vid\u00e9oprotection de la carri\u00e8re. Au fil de la journ\u00e9e, des v\u00e9rifications ont \u00e9galement \u00e9t\u00e9 effectu\u00e9es aux abords de la carri\u00e8re lors de patrouilles p\u00e9destres.<\/p>\n<p>Ce jeudi soir, les incendies n\u2019avaient pas \u00e9t\u00e9 revendiqu\u00e9s, mais les faits ont \u00e9t\u00e9 relay\u00e9s sur plusieurs plateformes contributives proches des milieux anticapitalistes et anarchistes.<\/p>\n<\/div>\n","protected":false},"excerpt":{"rendered":"<p>[pomp\u00e9 sur sansnom] Ard\u00e8che. Engins incendi\u00e9s, tag inscrit\u2026 Ce que l\u2019on sait apr\u00e8s l\u2019attaque de l\u2019usine Lafarge Le Dauphin\u00e9, 21 ao\u00fbt 2025 (extrait) La cimenterie Lafarge du Teil, situ\u00e9e sur la commune voisine de Viviers, a \u00e9t\u00e9 la cible d\u2019une &hellip; <a href=\"https:\/\/raslamine.noblogs.org\/?p=921\">Continuer la lecture <span class=\"meta-nav\">&rarr;<\/span><\/a><\/p>\n","protected":false},"author":19922,"featured_media":0,"comment_status":"closed","ping_status":"closed","sticky":false,"template":"","format":"standard","meta":{"footnotes":""},"categories":[3,4],"tags":[],"class_list":["post-921","post","type-post","status-publish","format-standard","hentry","category-agitation","category-sabotage"],"_links":{"self":[{"href":"https:\/\/raslamine.noblogs.org\/index.php?rest_route=\/wp\/v2\/posts\/921","targetHints":{"allow":["GET"]}}],"collection":[{"href":"https:\/\/raslamine.noblogs.org\/index.php?rest_route=\/wp\/v2\/posts"}],"about":[{"href":"https:\/\/raslamine.noblogs.org\/index.php?rest_route=\/wp\/v2\/types\/post"}],"author":[{"embeddable":true,"href":"https:\/\/raslamine.noblogs.org\/index.php?rest_route=\/wp\/v2\/users\/19922"}],"replies":[{"embeddable":true,"href":"https:\/\/raslamine.noblogs.org\/index.php?rest_route=%2Fwp%2Fv2%2Fcomments&post=921"}],"version-history":[{"count":1,"href":"https:\/\/raslamine.noblogs.org\/index.php?rest_route=\/wp\/v2\/posts\/921\/revisions"}],"predecessor-version":[{"id":922,"href":"https:\/\/raslamine.noblogs.org\/index.php?rest_route=\/wp\/v2\/posts\/921\/revisions\/922"}],"wp:attachment":[{"href":"https:\/\/raslamine.noblogs.org\/index.php?rest_route=%2Fwp%2Fv2%2Fmedia&parent=921"}],"wp:term":[{"taxonomy":"category","embeddable":true,"href":"https:\/\/raslamine.noblogs.org\/index.php?rest_route=%2Fwp%2Fv2%2Fcategories&post=921"},{"taxonomy":"post_tag","embeddable":true,"href":"https:\/\/raslamine.noblogs.org\/index.php?rest_route=%2Fwp%2Fv2%2Ftags&post=921"}],"curies":[{"name":"wp","href":"https:\/\/api.w.org\/{rel}","templated":true}]}}