{"id":792,"date":"2025-07-09T17:00:49","date_gmt":"2025-07-09T15:00:49","guid":{"rendered":"https:\/\/raslamine.noblogs.org\/?p=792"},"modified":"2025-07-08T13:07:15","modified_gmt":"2025-07-08T11:07:15","slug":"compagnie-des-mines-arediennes-programme-de-travaux-pour-2025-et-travaux-de-reconnaissance-geologique","status":"publish","type":"post","link":"https:\/\/raslamine.noblogs.org\/?p=792","title":{"rendered":"[Compagnie des Mines Ar\u00e9diennes] Programme de travaux pour 2025 et travaux de reconnaissance g\u00e9ologique"},"content":{"rendered":"<div id=\"ultimate-heading-85186857eb32f13ee\" class=\"uvc-heading ult-adjust-bottom-margin ultimate-heading-85186857eb32f13ee uvc-2124 accent-border-color color-title\" data-hspacer=\"line_only\" data-halign=\"center\">\n<p class=\"uvc-heading-spacer line_only\">[pomp\u00e9 sur <a href=\"https:\/\/www.minesarediennes.fr\/programme-de-travaux-pour-2025-et-travaux-de-reconnaissance-geologique\/\">minesarediennes.fr<\/a>]<\/p>\n<\/div>\n<div class=\"wpb_text_column wpb_content_element vc_custom_1737465092527\">\n<div class=\"wpb_wrapper\">\n<p>Conform\u00e9ment aux dispositions de la r\u00e9glementation en vigueur \u2013 Article 44 1\u00b0 du D\u00e9cret 2006-648 du 2 juin 2006 relatif aux titres miniers \u2013 la Compagnie des Mines Ar\u00e9diennes a adress\u00e9 au pr\u00e9fet de la Haute-Vienne en d\u00e9cembre 2024 son <strong>programme de travaux pour l\u2019ann\u00e9e 2025<\/strong>. Ce programme, r\u00e9sum\u00e9 dans le tableau ci-dessous, est dans la continuit\u00e9 des actions <a href=\"https:\/\/www.minesarediennes.fr\/avancement-du-projet-en-novembre-2023\/\" target=\"_blank\" rel=\"noopener\">initi\u00e9es en 2023<\/a> et <a href=\"https:\/\/www.minesarediennes.fr\/programme-de-cartographie-geologique-et-d-echantillonnage\/\" target=\"_blank\" rel=\"noopener\">men\u00e9es en 2024<\/a> pour l\u2019\u00e9tude des archives historiques et la cartographie. Il projette \u00e9galement des travaux de reconnaissance g\u00e9ologique par sondages carott\u00e9s. Ces travaux seront pr\u00e9sent\u00e9s dans le d\u00e9tail au moment de leur mise en \u0153uvre. Par ailleurs, l\u2019inventaire environnemental entrepris en 2023 se poursuit en 2025 (en savoir plus avec l\u2019actualit\u00e9 de <a href=\"https:\/\/www.minesarediennes.fr\/avancement-du-projet-en-mai-2023\/\" target=\"_blank\" rel=\"noopener\">mai 2023<\/a> et de <a href=\"https:\/\/www.minesarediennes.fr\/etude-environnementale-et-inventaire-faune-flore\/\" target=\"_blank\" rel=\"noopener\">mars 2024<\/a>).<\/p>\n<p>En ao\u00fbt 2024, la Compagnie des Mines Ar\u00e9diennes a d\u00e9pos\u00e9 des d\u00e9clarations d\u2019ouverture de<strong> travaux de sondages de reconnaissance g\u00e9ologique<\/strong> sur la commune de Saint-Yrieix-la-Perche. Le 14 novembre 2024, par trois <strong>arr\u00eat\u00e9s pr\u00e9fectoraux<\/strong>, le pr\u00e9fet de la Haute-Vienne a prescrit des mesures compl\u00e9mentaires qui encadrent l\u2019ex\u00e9cution de ces travaux. Ils seront r\u00e9alis\u00e9s pendant le premier semestre 2025, principalement sur les PER Douillac et Pierrepinet au niveau des anciens sites miniers de <strong>Laurieras<\/strong> et <strong>Moulin de Cheni<\/strong>.<\/p>\n<\/div>\n<\/div>\n<div id=\"ultimate-heading-5136857eb32f151b\" class=\"uvc-heading ult-adjust-bottom-margin ultimate-heading-5136857eb32f151b uvc-4761 accent-border-color color-title\" data-hspacer=\"line_only\" data-halign=\"left\">\n<div class=\"uvc-main-heading ult-responsive\" data-ultimate-target=\".uvc-heading.ultimate-heading-5136857eb32f151b h2\" data-responsive-json-new=\"{&quot;font-size&quot;:&quot;desktop:22px;&quot;,&quot;line-height&quot;:&quot;desktop:32px;&quot;}\"><\/div>\n<\/div>\n<div id=\"ultimate-heading-20366857eb32f164a\" class=\"uvc-heading ult-adjust-bottom-margin ultimate-heading-20366857eb32f164a uvc-8496 accent-border-color color-title\" data-hspacer=\"line_only\" data-halign=\"left\">\n<div class=\"uvc-main-heading ult-responsive\" data-ultimate-target=\".uvc-heading.ultimate-heading-20366857eb32f164a h2\" data-responsive-json-new=\"{&quot;font-size&quot;:&quot;desktop:22px;&quot;,&quot;line-height&quot;:&quot;desktop:32px;&quot;}\">\n<h2>Travaux de sondages de reconnaissance g\u00e9ologique<\/h2>\n<\/div>\n<\/div>\n<div class=\"wpb_text_column wpb_content_element vc_custom_1737465080974\">\n<div class=\"wpb_wrapper\">\n<p>En ao\u00fbt 2024, la Compagnie des Mines Ar\u00e9diennes a d\u00e9pos\u00e9 des d\u00e9clarations d\u2019ouverture de <strong>travaux de sondages de reconnaissance g\u00e9ologique<\/strong> sur la commune de Saint-Yrieix-la-Perche. Le 14 novembre 2024, par trois <strong>arr\u00eat\u00e9s pr\u00e9fectoraux<\/strong>, le pr\u00e9fet de la Haute-Vienne a prescrit des mesures compl\u00e9mentaires qui encadrent l\u2019ex\u00e9cution de ces travaux. Ils seront r\u00e9alis\u00e9s pendant le premier semestre 2025, principalement sur les PER Douillac et Pierrepinet au niveau des anciens sites miniers de <strong>Laurieras<\/strong> et <strong>Moulin de Cheni<\/strong>.<\/p>\n<\/div>\n<\/div>\n<div id=\"ultimate-heading-71946857eb32f16f3\" class=\"uvc-heading ult-adjust-bottom-margin ultimate-heading-71946857eb32f16f3 uvc-2105 color-title\" data-hspacer=\"no_spacer\" data-halign=\"left\">\n<div class=\"uvc-main-heading ult-responsive\" data-ultimate-target=\".uvc-heading.ultimate-heading-71946857eb32f16f3 h3\" data-responsive-json-new=\"{&quot;font-size&quot;:&quot;desktop:18px;&quot;,&quot;line-height&quot;:&quot;desktop:40px;&quot;}\">\n<h2>Forage ou sondage ?<\/h2>\n<\/div>\n<\/div>\n<div class=\"vc_row wpb_row vc_inner vc_row-fluid\">\n<div class=\"modif-gt-en wpb_column vc_column_container vc_col-sm-12 vc_col-has-fill\">\n<div class=\"vc_column-inner vc_custom_1739872903079\">\n<div class=\"wpb_wrapper\">\n<div class=\"standard-arrow bullet-top\">\n<ul>\n<li>Un <strong>forage<\/strong> est r\u00e9alis\u00e9 par une machine de forage, dans un <strong>but d\u2019exploitation<\/strong> (forage de pompage d\u2019eau potable, forage g\u00e9othermique, forage p\u00e9trolier \u2026). Il pr\u00e9sente un caract\u00e8re <strong>permanent<\/strong> et est <strong>maintenu ouvert<\/strong> pour l\u2019exploitation.<\/li>\n<li>Un <strong>sondage<\/strong> est un trou r\u00e9alis\u00e9 par une sondeuse, destin\u00e9 \u00e0 acqu\u00e9rir de la <strong>connaissance g\u00e9ologique<\/strong> (nature des roches, structure \u2026). Il pr\u00e9sente un caract\u00e8re <strong>temporaire <\/strong>et est <strong>rebouch\u00e9 int\u00e9gralement<\/strong> sur toute sa longueur apr\u00e8s les travaux \u00e0 l\u2019aide d\u2019un coulis de ciment.<\/li>\n<\/ul>\n<\/div>\n<\/div>\n<\/div>\n<\/div>\n<\/div>\n<div class=\"wpb_text_column wpb_content_element vc_custom_1737473174932\">\n<div class=\"wpb_wrapper\">\n<p>Les \u00e9quipements utilis\u00e9s pour les forages et les sondages sont tr\u00e8s similaires mais la finalit\u00e9 est totalement diff\u00e9rente. Ces m\u00eames \u00e9quipements, de type g\u00e9nie civil, sont \u00e9galement utilis\u00e9s sur les petits chantiers routiers par exemple.<\/p>\n<\/div>\n<\/div>\n<div class=\"vc_row wpb_row vc_inner vc_row-fluid vc_custom_1711279269207 vc_row-has-fill vc_row-o-content-top vc_row-flex\">\n<div class=\"wpb_column vc_column_container vc_col-sm-6\">\n<div class=\"vc_column-inner vc_custom_1728033991490\">\n<div class=\"wpb_wrapper\">\n<div class=\"shortcode-single-image-wrap shortcode-single-image-22ab34e01b6bf04daff87e98d9c35bd3 alignnone caption-on enable-bg-rollover dt-icon-bg-on scale-img\">\n<div class=\"shortcode-single-image\">\n<div class=\"fancy-media-wrap photoswipe-wrapper\"><img loading=\"lazy\" decoding=\"async\" class=\"alignnone wp-image-851\" src=\"https:\/\/raslamine.noblogs.org\/files\/2025\/07\/diaporama-img.jpg\" alt=\"foreuse1\" width=\"368\" height=\"367\" srcset=\"https:\/\/raslamine.noblogs.org\/files\/2025\/07\/diaporama-img.jpg 944w, https:\/\/raslamine.noblogs.org\/files\/2025\/07\/diaporama-img-300x300.jpg 300w, https:\/\/raslamine.noblogs.org\/files\/2025\/07\/diaporama-img-150x150.jpg 150w, https:\/\/raslamine.noblogs.org\/files\/2025\/07\/diaporama-img-768x766.jpg 768w\" sizes=\"auto, (max-width: 368px) 100vw, 368px\" \/><img loading=\"lazy\" decoding=\"async\" class=\"alignnone wp-image-853\" src=\"https:\/\/raslamine.noblogs.org\/files\/2025\/07\/sondeuse-2.jpg\" alt=\"sondeuse-2\" width=\"367\" height=\"366\" srcset=\"https:\/\/raslamine.noblogs.org\/files\/2025\/07\/sondeuse-2.jpg 811w, https:\/\/raslamine.noblogs.org\/files\/2025\/07\/sondeuse-2-300x300.jpg 300w, https:\/\/raslamine.noblogs.org\/files\/2025\/07\/sondeuse-2-150x150.jpg 150w, https:\/\/raslamine.noblogs.org\/files\/2025\/07\/sondeuse-2-768x766.jpg 768w\" sizes=\"auto, (max-width: 367px) 100vw, 367px\" \/><em><br \/>\nExemples de sondeuses pouvant \u00eatre utilis\u00e9es sur le chantier des sondages de CMA<\/em><\/div>\n<\/div>\n<\/div>\n<\/div>\n<\/div>\n<\/div>\n<\/div>\n<div class=\"wpb_text_column wpb_content_element vc_custom_1737038707801\">\n<div class=\"wpb_wrapper\">\n<p>Les sondages programm\u00e9s par la Compagnie des Mines Ar\u00e9diennes sont des <strong>sondages carott\u00e9s\u00a0<\/strong>: ils sont ex\u00e9cut\u00e9s \u00e0 l\u2019aide d\u2019une sondeuse sp\u00e9cialement \u00e9quip\u00e9e pour extraire du sol des cylindres de roche, appel\u00e9s <strong>carottes de sondage<\/strong>, qui seront stock\u00e9s dans des caisses \u00e0 carottes.<\/p>\n<\/div>\n<\/div>\n<div class=\"vc_row wpb_row vc_inner vc_row-fluid vc_custom_1737103801976 vc_row-has-fill vc_row-o-content-middle vc_row-flex\">\n<div class=\"wpb_column vc_column_container vc_col-sm-6\">\n<div class=\"vc_column-inner vc_custom_1728033991490\">\n<div class=\"wpb_wrapper\">\n<div class=\"shortcode-single-image-wrap shortcode-single-image-067d6f3a3e73f7ab1ba0b4ea0a28b532 alignnone caption-on enable-bg-rollover dt-icon-bg-on scale-img\">\n<div class=\"shortcode-single-image\"><\/div>\n<\/div>\n<\/div>\n<\/div>\n<\/div>\n<\/div>\n<div id=\"ultimate-heading-35316857eb32f3e92\" class=\"uvc-heading ult-adjust-bottom-margin ultimate-heading-35316857eb32f3e92 uvc-7429 color-title\" data-hspacer=\"no_spacer\" data-halign=\"left\">\n<div class=\"uvc-heading-spacer no_spacer\"><\/div>\n<div class=\"uvc-main-heading ult-responsive\" data-ultimate-target=\".uvc-heading.ultimate-heading-35316857eb32f3e92 h3\" data-responsive-json-new=\"{&quot;font-size&quot;:&quot;desktop:18px;&quot;,&quot;line-height&quot;:&quot;desktop:40px;&quot;}\">\n<h2>Pourquoi des sondages ?<\/h2>\n<\/div>\n<\/div>\n<div class=\"wpb_text_column wpb_content_element vc_custom_1737038797523\">\n<div class=\"wpb_wrapper\">\n<p>Ces sondages de reconnaissance g\u00e9ologique ont plusieurs <strong>objectifs\u00a0:<\/strong><\/p>\n<\/div>\n<\/div>\n<div class=\"standard-arrow bullet-top\">\n<ul>\n<li>La validation de la pr\u00e9cision des <strong>donn\u00e9es historiques<\/strong> recueillies dans les archives.<\/li>\n<li>La reconnaissance de l\u2019<strong>extension des min\u00e9ralisations<\/strong> d\u00e9j\u00e0 exploit\u00e9es.<\/li>\n<li>L\u2019identification de la <strong>teneur<\/strong> en m\u00e9taux qui sont l\u2019objet des PER (antimoine, argent, b\u00e9ryllium, cobalt, cuivre, \u00e9tain, germanium, indium, lithium, molybd\u00e8ne, niobium, or, platine, plomb, tantale, tungst\u00e8ne, zinc et terres rares). Pour cela, des portions de carottes pr\u00e9alablement \u00e9tudi\u00e9es et s\u00e9lectionn\u00e9es par les g\u00e9ologues seront analys\u00e9es en laboratoire.<\/li>\n<\/ul>\n<\/div>\n<div class=\"vc_row wpb_row vc_inner vc_row-fluid vc_custom_1737491800123 vc_row-o-equal-height vc_row-o-content-top vc_row-flex\">\n<div class=\"margin-right-none wpb_column vc_column_container vc_col-sm-9 vc_col-has-fill\">\n<div class=\"vc_column-inner vc_custom_1737489965612\">\n<div class=\"wpb_wrapper\">\n<div id=\"ultimate-heading-96156857eb32f40ce\" class=\"uvc-heading ult-adjust-bottom-margin ultimate-heading-96156857eb32f40ce uvc-6334 color-title\" data-hspacer=\"no_spacer\" data-halign=\"left\">\n<div class=\"uvc-main-heading ult-responsive\" data-ultimate-target=\".uvc-heading.ultimate-heading-96156857eb32f40ce h3\" data-responsive-json-new=\"{&quot;font-size&quot;:&quot;desktop:18px;&quot;,&quot;line-height&quot;:&quot;desktop:40px;&quot;}\">\n<h2>Dans quel cadre ?<\/h2>\n<\/div>\n<\/div>\n<div class=\"wpb_text_column wpb_content_element \">\n<div class=\"wpb_wrapper\">\n<p>Pr\u00e9alablement \u00e0 la r\u00e9alisation des sondages, la Compagnie des Mines Ar\u00e9diennes demandera l\u2019<strong>autorisation des propri\u00e9taires des parcelles cadastrales<\/strong> sur lesquelles seront r\u00e9alis\u00e9s les travaux.<\/p>\n<\/div>\n<\/div>\n<div class=\"wpb_text_column wpb_content_element vc_custom_1737550293320\">\n<div class=\"wpb_wrapper\">\n<p>CMA doit \u00e9galement obtenir l\u2019<strong>autorisation du propri\u00e9taire des habitations <\/strong>situ\u00e9es dans un <strong>rayon de moins de 50 m\u00e8tres des sondages<\/strong> entrepris \u00e0 une <strong>profondeur de plus de 100 m\u00e8tres<\/strong>.<\/p>\n<p>Dans le programme pr\u00e9vu, aucune habitation n\u2019est concern\u00e9e par ce cas.<\/p>\n<p>Ce cas pourrait se pr\u00e9senter si des sondages pr\u00e9c\u00e9demment r\u00e9alis\u00e9s apportent des informations justifiant le d\u00e9placement de sondages suivants. Si le nouveau positionnement d\u2019un sondage se situe dans un rayon de moins de 50 m\u00e8tres d\u2019une habitation, alors l\u2019autorisation du propri\u00e9taire sera requise.<\/p>\n<\/div>\n<\/div>\n<\/div>\n<\/div>\n<\/div>\n<div class=\"wpb_column vc_column_container vc_col-sm-3 vc_col-has-fill\">\n<div class=\"vc_column-inner vc_custom_1737550706405\">\n<div class=\"wpb_wrapper\">\n<div class=\"shortcode-single-image-wrap shortcode-single-image-6298687f23ab38dc83efa16fa863ec87 alignnone caption-on enable-bg-rollover dt-icon-bg-on scale-img\">\n<div class=\"shortcode-single-image modif-gtlaf-en\">\n<div class=\"fancy-media-wrap photoswipe-wrapper\"><img loading=\"lazy\" decoding=\"async\" class=\"alignnone wp-image-852\" src=\"https:\/\/raslamine.noblogs.org\/files\/2025\/07\/sondage-distance.webp\" alt=\"sondage-distance\" width=\"325\" height=\"429\" srcset=\"https:\/\/raslamine.noblogs.org\/files\/2025\/07\/sondage-distance.webp 412w, https:\/\/raslamine.noblogs.org\/files\/2025\/07\/sondage-distance-227x300.webp 227w\" sizes=\"auto, (max-width: 325px) 100vw, 325px\" \/><\/div>\n<\/div>\n<\/div>\n<\/div>\n<\/div>\n<\/div>\n<\/div>\n<div class=\"wpb_text_column wpb_content_element vc_custom_1737542180824\">\n<div class=\"wpb_wrapper\">\n<p>Les travaux seront conduits afin que leur mise en \u0153uvre ne puisse \u00eatre \u00e0 l\u2019origine de bruits ou de vibrations m\u00e9caniques nuisibles pour la <strong>sant\u00e9 du voisinage<\/strong> ou susceptibles de compromettre sa <strong>s\u00e9curit\u00e9<\/strong> ou de constituer une g\u00eane pour sa <strong>tranquillit\u00e9. <\/strong><\/p>\n<\/div>\n<\/div>\n<div class=\"vc_row wpb_row vc_inner vc_row-fluid vc_custom_1737550679497 vc_row-o-equal-height vc_row-o-content-middle vc_row-flex\">\n<div class=\"margin-right-none wpb_column vc_column_container vc_col-sm-9 vc_col-has-fill\">\n<div class=\"vc_column-inner vc_custom_1737489965612\">\n<div class=\"wpb_wrapper\">\n<div class=\"wpb_text_column wpb_content_element vc_custom_1737550279236\">\n<div class=\"wpb_wrapper\">\n<p>La mise en \u0153uvre des travaux, qui est comparable \u00e0 celle d\u2019un petit chantier de travaux publics, se fera <strong>conform\u00e9ment \u00e0 la r\u00e8glementation en vigueur<\/strong>.<\/p>\n<\/div>\n<\/div>\n<div class=\"standard-arrow bullet-top\">\n<ul>\n<li>Les riverains seront pr\u00e9venus pr\u00e9alablement au d\u00e9but des travaux.<\/li>\n<li>Un plan de pr\u00e9vention des risques (PPR) et le document unique d\u2019\u00e9valuation des risques professionnels (DUERP) sont \u00e9tablis en conformit\u00e9 avec le<strong> Code minier et le Code de l\u2019environnement<\/strong> en mati\u00e8re de sant\u00e9 et s\u00e9curit\u00e9.<\/li>\n<li>Un <strong>\u00e9tat des lieux environnemental<\/strong> pr\u00e9alable \u00e0 toute action sur le terrain sera r\u00e9alis\u00e9 en d\u00e9but de chantier afin d\u2019\u00e9tablir un <strong>\u00e9tat environnemental initial<\/strong> des sites concern\u00e9s par les sondages.<\/li>\n<li>Les travaux sont soumis aux <strong>dispositions relatives \u00e0 l\u2019arch\u00e9ologie<\/strong> en cas de mise \u00e0 jour de vestiges, selon le Code du patrimoine.<\/li>\n<li>L\u2019emplacement des travaux sera ceintur\u00e9 d\u2019une cl\u00f4ture ou mat\u00e9rialis\u00e9 par des \u00e9quipements adapt\u00e9s pour signaler <strong>l\u2019interdiction d\u2019entr\u00e9e \u00e0 toute personne ext\u00e9rieure au chantier<\/strong>.<\/li>\n<\/ul>\n<\/div>\n<\/div>\n<\/div>\n<\/div>\n<div class=\"wpb_column vc_column_container vc_col-sm-3 vc_col-has-fill\">\n<div class=\"vc_column-inner vc_custom_1737550834103\"><\/div>\n<\/div>\n<\/div>\n<div class=\"wpb_text_column wpb_content_element vc_custom_1737491693428\">\n<div class=\"wpb_wrapper\">\n<p>Les travaux seront conduits afin d\u2019<strong>\u00e9viter toute pollution <\/strong>des eaux superficielles et souterraines et de <strong>garantir la qualit\u00e9 existante des eaux<\/strong>. Tous les sondages seront effectu\u00e9s <strong>hors de toute zone humide<\/strong>, en cas de doute un diagnostic d\u2019absence de zone humide sera effectu\u00e9 en conformit\u00e9 avec les dispositions du SDAGE, reprises au niveau du SAGE Isle Dronne.<\/p>\n<p>La sondeuse utilisera de l\u2019<strong>eau en circuit ferm\u00e9<\/strong>. Cette eau permet de refroidir la couronne diamant\u00e9e (outil de d\u00e9coupe des carottes) et de remonter les fins fragments de roches r\u00e9sultant de la d\u00e9coupe. En fin de sondage, l\u2019eau et les boues (mati\u00e8res en suspension et fragments de roches) seront int\u00e9gralement \u00e9vacu\u00e9es vers un centre de traitement sp\u00e9cialis\u00e9.<\/p>\n<\/div>\n<\/div>\n<div class=\"vc_row wpb_row vc_inner vc_row-fluid vc_custom_1711279269207 vc_row-has-fill vc_row-o-content-top vc_row-flex\">\n<div class=\"wpb_column vc_column_container vc_col-sm-6\">\n<div class=\"vc_column-inner vc_custom_1728033991490\">\n<div class=\"wpb_wrapper\">\n<div class=\"shortcode-single-image-wrap shortcode-single-image-927cd96e7baae60449e1f143f1bdcf9a alignnone caption-on enable-bg-rollover dt-icon-bg-on scale-img\">\n<div class=\"shortcode-single-image\">\n<div class=\"fancy-media-wrap photoswipe-wrapper\"><img loading=\"lazy\" decoding=\"async\" class=\"alignnone wp-image-850\" src=\"https:\/\/raslamine.noblogs.org\/files\/2025\/07\/couronnes.webp\" alt=\"couronnes\" width=\"326\" height=\"240\" srcset=\"https:\/\/raslamine.noblogs.org\/files\/2025\/07\/couronnes.webp 582w, https:\/\/raslamine.noblogs.org\/files\/2025\/07\/couronnes-300x221.webp 300w\" sizes=\"auto, (max-width: 326px) 100vw, 326px\" \/><em><br \/>\nExemple de couronne plac\u00e9e en t\u00eate de la tige de forage<\/em><\/div>\n<\/div>\n<\/div>\n<\/div>\n<\/div>\n<\/div>\n<div class=\"wpb_column vc_column_container vc_col-sm-6\">\n<div class=\"vc_column-inner vc_custom_1728033984795\">\n<div class=\"wpb_wrapper\">\n<div class=\"shortcode-single-image-wrap shortcode-single-image-4cf83d9925199d5ac6da1d19a8bbf15c alignnone caption-on enable-bg-rollover dt-icon-bg-on scale-img\">\n<div class=\"shortcode-single-image\">\n<div class=\"fancy-media-wrap photoswipe-wrapper\"><img loading=\"lazy\" decoding=\"async\" class=\"alignnone wp-image-847\" src=\"https:\/\/raslamine.noblogs.org\/files\/2025\/07\/bac-preparation-traitement-boue.jpg\" alt=\"bac-preparation-traitement-boue\" width=\"327\" height=\"241\" srcset=\"https:\/\/raslamine.noblogs.org\/files\/2025\/07\/bac-preparation-traitement-boue.jpg 959w, https:\/\/raslamine.noblogs.org\/files\/2025\/07\/bac-preparation-traitement-boue-300x221.jpg 300w, https:\/\/raslamine.noblogs.org\/files\/2025\/07\/bac-preparation-traitement-boue-768x566.jpg 768w\" sizes=\"auto, (max-width: 327px) 100vw, 327px\" \/><em><br \/>\nExemple de bac de pr\u00e9paration, de traitement et de stockage des boues<\/em><\/div>\n<\/div>\n<\/div>\n<\/div>\n<\/div>\n<\/div>\n<\/div>\n<div class=\"wpb_text_column wpb_content_element vc_custom_1737056861930\">\n<div class=\"wpb_wrapper\">\n<p>D\u00e8s la fin d\u2019un sondage le <strong>trou<\/strong> sera <strong>enti\u00e8rement rebouch\u00e9<\/strong> sur l\u2019int\u00e9gralit\u00e9 de sa longueur \u00e0 l\u2019aide d\u2019un coulis de ciment inject\u00e9 sous pression du bas vers le haut du trou de sondage.<\/p>\n<\/div>\n<\/div>\n<div id=\"ultimate-heading-13666857eb33020e5\" class=\"uvc-heading ult-adjust-bottom-margin ultimate-heading-13666857eb33020e5 uvc-6501 color-title\" data-hspacer=\"no_spacer\" data-halign=\"left\">\n<div class=\"uvc-main-heading ult-responsive\" data-ultimate-target=\".uvc-heading.ultimate-heading-13666857eb33020e5 h3\" data-responsive-json-new=\"{&quot;font-size&quot;:&quot;desktop:18px;&quot;,&quot;line-height&quot;:&quot;desktop:40px;&quot;}\">\n<h2>Des chiffres et des cartes !<\/h2>\n<\/div>\n<\/div>\n<div class=\"standard-arrow bullet-top\">\n<ul>\n<li><strong>6 mois <\/strong>environ est la dur\u00e9e pr\u00e9vue pour la r\u00e9alisation de la campagne de sondages dont le d\u00e9marrage est programm\u00e9 fin f\u00e9vrier 2025.<\/li>\n<li><strong>6 h \u00e0 22 h<\/strong> du lundi au samedi est la plage horaire autoris\u00e9e pour les sondages (2 postes de 8 heures). Si des travaux exceptionnels n\u00e9cessaires \u00e0 la s\u00e9curit\u00e9 du chantier devaient \u00eatre entrepris, ils feraient l\u2019objet d\u2019une demande de d\u00e9rogation \u00e0 la municipalit\u00e9 de Saint-Yrieix-la-Perche.<\/li>\n<li><strong>44 sondages<\/strong> seront r\u00e9alis\u00e9s \u00e0 partir de <strong>29 plateformes<\/strong>, certaines plateformes servant pour plusieurs sondages.<\/li>\n<li><strong>30 m\u00e8tres \u00e0 650 m\u00e8tres<\/strong> repr\u00e9sente la longueur des sondages pr\u00e9vus. <strong>200 m\u00e8tres<\/strong> est la longueur moyenne par sondage. Ceux-ci \u00e9tant inclin\u00e9s la profondeur verticale atteinte sera moindre.<\/li>\n<li><strong>8\u00a0800 m\u00e8tres<\/strong> repr\u00e9sente la longueur cumul\u00e9e des carottes obtenues lors des 44 sondages.<\/li>\n<li><strong>76 mm \u00e0 123 mm<\/strong> repr\u00e9sente la fourchette du diam\u00e8tre des trous de sondage, les premiers m\u00e8tres \u00e9tant r\u00e9alis\u00e9s dans le plus grand diam\u00e8tre, celui-ci diminuant en profondeur.<\/li>\n<\/ul>\n<\/div>\n<div class=\"vc_row wpb_row vc_inner vc_row-fluid vc_custom_1737063745767 vc_row-has-fill vc_row-o-content-top vc_row-flex\">\n<div class=\"wpb_column vc_column_container vc_col-sm-6\">\n<div class=\"vc_column-inner vc_custom_1728033991490\">\n<div class=\"wpb_wrapper\">\n<div class=\"shortcode-single-image-wrap shortcode-single-image-ad677e2c893045d9766397b6f3a32553 alignnone caption-on enable-bg-rollover dt-icon-bg-on scale-img\">\n<div class=\"shortcode-single-image\">\n<div class=\"fancy-media-wrap photoswipe-wrapper\"><img loading=\"lazy\" decoding=\"async\" class=\"alignnone size-full wp-image-849\" src=\"https:\/\/raslamine.noblogs.org\/files\/2025\/07\/carte-2.jpg\" alt=\"carte-2\" width=\"1200\" height=\"691\" srcset=\"https:\/\/raslamine.noblogs.org\/files\/2025\/07\/carte-2.jpg 1200w, https:\/\/raslamine.noblogs.org\/files\/2025\/07\/carte-2-300x173.jpg 300w, https:\/\/raslamine.noblogs.org\/files\/2025\/07\/carte-2-1024x590.jpg 1024w, https:\/\/raslamine.noblogs.org\/files\/2025\/07\/carte-2-768x442.jpg 768w\" sizes=\"auto, (max-width: 1200px) 100vw, 1200px\" \/> <img loading=\"lazy\" decoding=\"async\" class=\"alignnone size-full wp-image-848\" src=\"https:\/\/raslamine.noblogs.org\/files\/2025\/07\/carte-1.jpg\" alt=\"carte-1\" width=\"1200\" height=\"691\" srcset=\"https:\/\/raslamine.noblogs.org\/files\/2025\/07\/carte-1.jpg 1200w, https:\/\/raslamine.noblogs.org\/files\/2025\/07\/carte-1-300x173.jpg 300w, https:\/\/raslamine.noblogs.org\/files\/2025\/07\/carte-1-1024x590.jpg 1024w, https:\/\/raslamine.noblogs.org\/files\/2025\/07\/carte-1-768x442.jpg 768w\" sizes=\"auto, (max-width: 1200px) 100vw, 1200px\" \/><\/div>\n<\/div>\n<\/div>\n<\/div>\n<\/div>\n<\/div>\n<div class=\"wpb_column vc_column_container vc_col-sm-12\">\n<div class=\"vc_column-inner\">\n<div class=\"wpb_wrapper\">\n<div class=\"wpb_text_column wpb_content_element vc_custom_1737102816566 legende\">\n<div class=\"wpb_wrapper\">\n<p><em>Cartes des emplacements des 29 plateformes de sondages principalement sur les PER Douillac et Pierrepinet au niveau des anciens sites miniers de Laurieras et Moulin de Cheni<\/em><\/p>\n<\/div>\n<\/div>\n<\/div>\n<\/div>\n<\/div>\n<\/div>\n<div id=\"ultimate-heading-34936857eb3303078\" class=\"uvc-heading ult-adjust-bottom-margin ultimate-heading-34936857eb3303078 uvc-4200 color-title\" data-hspacer=\"no_spacer\" data-halign=\"left\">\n<div class=\"uvc-heading-spacer no_spacer\"><\/div>\n<div class=\"uvc-main-heading ult-responsive\" data-ultimate-target=\".uvc-heading.ultimate-heading-34936857eb3303078 h3\" data-responsive-json-new=\"{&quot;font-size&quot;:&quot;desktop:18px;&quot;,&quot;line-height&quot;:&quot;desktop:40px;&quot;}\">\n<h2><strong>Des partenaires de qualit\u00e9<\/strong><\/h2>\n<\/div>\n<\/div>\n<div class=\"wpb_text_column wpb_content_element vc_custom_1737057238821\">\n<div class=\"wpb_wrapper\">\n<p>Conform\u00e9ment \u00e0 ses engagements, la Compagnie des Mines Ar\u00e9diennes privil\u00e9gie, \u00e0 comp\u00e9tences \u00e9quivalentes, des <strong>partenaires locaux<\/strong> ou situ\u00e9s au plus pr\u00e8s de la r\u00e9gion.<\/p>\n<p>L\u2019achat d\u2019\u00e9quipement et de services se fait prioritairement aupr\u00e8s de fournisseurs situ\u00e9s \u00e0 Saint-Yrieix-la-Perche, et pour ceux non disponibles localement, en Haute-Vienne et en r\u00e9gion Nouvelle-Aquitaine.<\/p>\n<\/div>\n<\/div>\n<div class=\"standard-arrow bullet-top\">\n<ul>\n<li>La <strong>campagne de sondage<\/strong> sera effectu\u00e9e par <strong><span class=\"color-red\">FORACO<\/span><\/strong> (si\u00e8ge social \u00e0 Marseille et entit\u00e9 op\u00e9rationnelle pr\u00e8s de Montpellier).<\/li>\n<li>Les <strong>travaux publics<\/strong> n\u00e9cessaires \u00e0 la r\u00e9alisation des plateformes de sondages seront confi\u00e9s \u00e0 <strong><span class=\"color-red\">MEYZIE TP<\/span><\/strong> (si\u00e8ge social et entit\u00e9 op\u00e9rationnelle \u00e0 Saint-Yrieix-la-Perche).<\/li>\n<li>Le <strong>traitement des carottes<\/strong> et le suivi des sondages seront r\u00e9alis\u00e9s par les \u00e9quipes de g\u00e9ologues de <strong><span class=\"color-red\">GEXPLORE<\/span><\/strong> (si\u00e8ge social \u00e0 Nancy et entit\u00e9 op\u00e9rationnelle \u00e0 Saint-Yrieix-la-Perche).<\/li>\n<li>Les <strong>plans de pr\u00e9vention<\/strong> et documents \u00ab\u00a0sant\u00e9 \u2013 s\u00e9curit\u00e9\u00a0\u00bb seront r\u00e9alis\u00e9s par <strong><span class=\"color-red\">PREVENCEM<\/span><\/strong> (Agence Aquitaine Midi-Pyr\u00e9n\u00e9es de Toulouse).<\/li>\n<li>Les <strong>analyses<\/strong> seront effectu\u00e9es par le laboratoire <strong><span class=\"color-red\">ALS<\/span><\/strong>, bas\u00e9 en R\u00e9publique d\u2019Irlande. Ce laboratoire accr\u00e9dit\u00e9 ISO 17025:2017 est sp\u00e9cialis\u00e9 dans les analyses des min\u00e9raux et dans la quantification tr\u00e8s pr\u00e9cise des \u00e9l\u00e9ments chimiques.<\/li>\n<\/ul>\n<\/div>\n","protected":false},"excerpt":{"rendered":"<p>[pomp\u00e9 sur minesarediennes.fr] Conform\u00e9ment aux dispositions de la r\u00e9glementation en vigueur \u2013 Article 44 1\u00b0 du D\u00e9cret 2006-648 du 2 juin 2006 relatif aux titres miniers \u2013 la Compagnie des Mines Ar\u00e9diennes a adress\u00e9 au pr\u00e9fet de la Haute-Vienne en &hellip; <a href=\"https:\/\/raslamine.noblogs.org\/?p=792\">Continuer la lecture <span class=\"meta-nav\">&rarr;<\/span><\/a><\/p>\n","protected":false},"author":19922,"featured_media":0,"comment_status":"closed","ping_status":"closed","sticky":false,"template":"","format":"standard","meta":{"footnotes":""},"categories":[1,37],"tags":[],"class_list":["post-792","post","type-post","status-publish","format-standard","hentry","category-general","category-haute-vienne-dordogne"],"_links":{"self":[{"href":"https:\/\/raslamine.noblogs.org\/index.php?rest_route=\/wp\/v2\/posts\/792","targetHints":{"allow":["GET"]}}],"collection":[{"href":"https:\/\/raslamine.noblogs.org\/index.php?rest_route=\/wp\/v2\/posts"}],"about":[{"href":"https:\/\/raslamine.noblogs.org\/index.php?rest_route=\/wp\/v2\/types\/post"}],"author":[{"embeddable":true,"href":"https:\/\/raslamine.noblogs.org\/index.php?rest_route=\/wp\/v2\/users\/19922"}],"replies":[{"embeddable":true,"href":"https:\/\/raslamine.noblogs.org\/index.php?rest_route=%2Fwp%2Fv2%2Fcomments&post=792"}],"version-history":[{"count":4,"href":"https:\/\/raslamine.noblogs.org\/index.php?rest_route=\/wp\/v2\/posts\/792\/revisions"}],"predecessor-version":[{"id":856,"href":"https:\/\/raslamine.noblogs.org\/index.php?rest_route=\/wp\/v2\/posts\/792\/revisions\/856"}],"wp:attachment":[{"href":"https:\/\/raslamine.noblogs.org\/index.php?rest_route=%2Fwp%2Fv2%2Fmedia&parent=792"}],"wp:term":[{"taxonomy":"category","embeddable":true,"href":"https:\/\/raslamine.noblogs.org\/index.php?rest_route=%2Fwp%2Fv2%2Fcategories&post=792"},{"taxonomy":"post_tag","embeddable":true,"href":"https:\/\/raslamine.noblogs.org\/index.php?rest_route=%2Fwp%2Fv2%2Ftags&post=792"}],"curies":[{"name":"wp","href":"https:\/\/api.w.org\/{rel}","templated":true}]}}