{"id":676,"date":"2025-05-29T17:00:09","date_gmt":"2025-05-29T15:00:09","guid":{"rendered":"https:\/\/raslamine.noblogs.org\/?p=676"},"modified":"2025-09-19T11:08:08","modified_gmt":"2025-09-19T09:08:08","slug":"podcast-des-minerais-pour-quoi-faire","status":"publish","type":"post","link":"https:\/\/raslamine.noblogs.org\/?p=676","title":{"rendered":"[Podcast] Des minerais pour quoi faire ?"},"content":{"rendered":"<p>[pomp\u00e9 sur <a href=\"https:\/\/lagrappe.info\/?Podcast-Des-minerais-pour-quoi-faire-1386\">lagrappe.info<\/a>]<\/p>\n<p>Le projet d\u2019implantation d\u2019une usine <span class=\"caps\">EMME<\/span> \u00e0 Parempuyre, sous des allures \u00e9colos, s\u2019inscrit dans une logique extractiviste. Souvent d\u00e9fendus au nom de la n\u00e9cessaire \u00ab<small class=\"fine\">\u00a0<\/small>transition \u00e9cologique<small class=\"fine\">\u00a0<\/small>\u00bb, ces projets relatifs aux \u00e9nergies renouvelables s\u2019inscrivent pourtant dans une logique ultra-lib\u00e9rale et court-circuitent le d\u00e9bat d\u00e9mocratique sur nos choix de soci\u00e9t\u00e9. T\u00e9moignages \u00e0 Thiviers en Dordogne avec des collectifs venus de toute la France.<\/p>\n<p><img loading=\"lazy\" decoding=\"async\" class=\"alignnone size-full wp-image-677\" src=\"https:\/\/raslamine.noblogs.org\/files\/2025\/05\/index.jpg\" alt=\"\" width=\"1200\" height=\"1355\" srcset=\"https:\/\/raslamine.noblogs.org\/files\/2025\/05\/index.jpg 1200w, https:\/\/raslamine.noblogs.org\/files\/2025\/05\/index-266x300.jpg 266w, https:\/\/raslamine.noblogs.org\/files\/2025\/05\/index-907x1024.jpg 907w, https:\/\/raslamine.noblogs.org\/files\/2025\/05\/index-768x867.jpg 768w\" sizes=\"auto, (max-width: 1200px) 100vw, 1200px\" \/><i>Photo titre\u00a0: d\u00e9ambulation de Pelletassou de Thiviers \u00e0 Pierrefiche, lieu de son proc\u00e8s<\/i><\/p>\n<p><strong><span class=\"caps\">EMME<\/span>, une usine chimique en zone inondable<\/strong><\/p>\n<p>A l\u2019appel du collectif du bois vert, les habitants de Parempuyre se sont rassembl\u00e9s samedi 10\u00a0mai pour refuser le projet d\u2019implantation d\u2019une usine de traitement de sels de nickel et cobalt, en bord de Garonne. On \u00e9coute Mathieu Vanbergue, porte parole du collectif.<\/p>\n<p>Interview de Florence Bougault (<span class=\"caps\">SEPANSO<\/span>) qui a particip\u00e9 \u00e0 la r\u00e9daction du cahier d\u2019acteur de son association dans le cadre de la consultation publique sur ce projet. Voir <a class=\"spip_out\" href=\"https:\/\/www.emme-concertation.fr\/\" rel=\"external\">le site de la <span class=\"caps\">CNDP<\/span> ici<\/a><br class=\"autobr\" \/><strong><br class=\"autobr\" \/>Thiviers, manifestation contre Imerys et son monde<\/strong><\/p>\n<p>Pr\u00e8s de Thiviers un projet d\u2019extension d\u2019une carri\u00e8re d\u2019Imerys inqui\u00e8te les habitants et ils ont invit\u00e9 de nombreux autres collectifs \u00e0 les rejoindre le 29\u00a0mars dernier. Ici il s\u2019agit d\u2019extraire des galets de quartz pour les transformer en silicium m\u00e9tal pour faire des semi-conducteurs ou des panneaux solaires, \u00e0 la Narse de Nouvialle dans le Cantal de la diatomite, \u00e0 Luzenac en Ari\u00e8ge du talc, \u00e0 Glomel en Bretagne de l\u2019andalousite, \u00e0 Echassi\u00e8res dans l\u2019Allier du lithium pour les batteries.<\/p>\n<p>Dans tous ces endroits les habitants sont mis devant le fait accompli et les exigences environnementales contourn\u00e9es. Ce qui pilote ces projets c\u2019est d\u2019abord une logique lib\u00e9rale or on est en droit de s\u2019interroger sur leur utilit\u00e9. O\u00f9 est l\u2019int\u00e9r\u00eat g\u00e9n\u00e9ral<small class=\"fine\">\u00a0<\/small>? Jusqu\u2019\u00e0 quand allons-nous extraire sans r\u00e9fl\u00e9chir aux cons\u00e9quences<small class=\"fine\">\u00a0<\/small>?<\/p>\n<p>A lire\u00a0: cette enqu\u00eate de <a class=\"spip_out\" href=\"https:\/\/splann.org\/enquete\/intoxication-miniere-en-bretagne\/\" rel=\"external\">Splann sur la mine de Glomel<\/a><\/p>\n<p><strong>Prolongations<\/strong><\/p>\n<p>Le collectif Sauvegardons Razac (sauvegardons-razac (at) protonmail.com) invite tous ceux qui luttent contre l\u2019extractivisme \u00e0 une semaine d\u2019\u00e9changes sur les techniques d\u2019enqu\u00eate, de cartographie, ou sur les questions juridiques.<\/p>\n<p><img loading=\"lazy\" decoding=\"async\" class=\"alignnone size-full wp-image-678\" src=\"https:\/\/raslamine.noblogs.org\/files\/2025\/05\/index2.jpg\" alt=\"\" width=\"1200\" height=\"1698\" srcset=\"https:\/\/raslamine.noblogs.org\/files\/2025\/05\/index2.jpg 1200w, https:\/\/raslamine.noblogs.org\/files\/2025\/05\/index2-212x300.jpg 212w, https:\/\/raslamine.noblogs.org\/files\/2025\/05\/index2-724x1024.jpg 724w, https:\/\/raslamine.noblogs.org\/files\/2025\/05\/index2-768x1087.jpg 768w, https:\/\/raslamine.noblogs.org\/files\/2025\/05\/index2-1086x1536.jpg 1086w\" sizes=\"auto, (max-width: 1200px) 100vw, 1200px\" \/><\/p>\n<p>Voir en ligne : <a class=\"spip_out\" href=\"https:\/\/lacledesondes.fr\/article\/des-minerais-pour-quoi-faire\">Podcast \u00e0 \u00e9couter sur La cl\u00e9 des ondes<\/a><\/p>\n","protected":false},"excerpt":{"rendered":"<p>[pomp\u00e9 sur lagrappe.info] Le projet d\u2019implantation d\u2019une usine EMME \u00e0 Parempuyre, sous des allures \u00e9colos, s\u2019inscrit dans une logique extractiviste. Souvent d\u00e9fendus au nom de la n\u00e9cessaire \u00ab\u00a0transition \u00e9cologique\u00a0\u00bb, ces projets relatifs aux \u00e9nergies renouvelables s\u2019inscrivent pourtant dans une logique &hellip; <a href=\"https:\/\/raslamine.noblogs.org\/?p=676\">Continuer la lecture <span class=\"meta-nav\">&rarr;<\/span><\/a><\/p>\n","protected":false},"author":19922,"featured_media":0,"comment_status":"closed","ping_status":"closed","sticky":false,"template":"","format":"standard","meta":{"footnotes":""},"categories":[3,8,37,17,34,6,35],"tags":[],"class_list":["post-676","post","type-post","status-publish","format-standard","hentry","category-agitation","category-evenement","category-haute-vienne-dordogne","category-imerys","category-podcast","category-manifestation-perturbation","category-thiviers"],"_links":{"self":[{"href":"https:\/\/raslamine.noblogs.org\/index.php?rest_route=\/wp\/v2\/posts\/676","targetHints":{"allow":["GET"]}}],"collection":[{"href":"https:\/\/raslamine.noblogs.org\/index.php?rest_route=\/wp\/v2\/posts"}],"about":[{"href":"https:\/\/raslamine.noblogs.org\/index.php?rest_route=\/wp\/v2\/types\/post"}],"author":[{"embeddable":true,"href":"https:\/\/raslamine.noblogs.org\/index.php?rest_route=\/wp\/v2\/users\/19922"}],"replies":[{"embeddable":true,"href":"https:\/\/raslamine.noblogs.org\/index.php?rest_route=%2Fwp%2Fv2%2Fcomments&post=676"}],"version-history":[{"count":1,"href":"https:\/\/raslamine.noblogs.org\/index.php?rest_route=\/wp\/v2\/posts\/676\/revisions"}],"predecessor-version":[{"id":679,"href":"https:\/\/raslamine.noblogs.org\/index.php?rest_route=\/wp\/v2\/posts\/676\/revisions\/679"}],"wp:attachment":[{"href":"https:\/\/raslamine.noblogs.org\/index.php?rest_route=%2Fwp%2Fv2%2Fmedia&parent=676"}],"wp:term":[{"taxonomy":"category","embeddable":true,"href":"https:\/\/raslamine.noblogs.org\/index.php?rest_route=%2Fwp%2Fv2%2Fcategories&post=676"},{"taxonomy":"post_tag","embeddable":true,"href":"https:\/\/raslamine.noblogs.org\/index.php?rest_route=%2Fwp%2Fv2%2Ftags&post=676"}],"curies":[{"name":"wp","href":"https:\/\/api.w.org\/{rel}","templated":true}]}}