{"id":609,"date":"2025-04-29T17:00:04","date_gmt":"2025-04-29T15:00:04","guid":{"rendered":"https:\/\/raslamine.noblogs.org\/?p=609"},"modified":"2025-04-29T18:54:29","modified_gmt":"2025-04-29T16:54:29","slug":"donald-trump-livre-les-oceans-a-lexploitation-miniere","status":"publish","type":"post","link":"https:\/\/raslamine.noblogs.org\/?p=609","title":{"rendered":"Donald Trump livre les oc\u00e9ans \u00e0 l\u2019exploitation mini\u00e8re"},"content":{"rendered":"<div class=\"chapo\">\n<p>[pomp\u00e9 sur <a href=\"https:\/\/reporterre.net\/Donald-Trump-livre-les-oceans-a-l-exploitation-miniere\">reporterre<\/a>]<\/p>\n<p>Donald Trump a sign\u00e9 un d\u00e9cret autorisant l\u2019exploitation mini\u00e8re des fonds marins. Une d\u00e9cision \u00e0 rebours des accords internationaux, qui sera mortif\u00e8re pour la vie et la biodiversit\u00e9 des oc\u00e9ans.<\/p>\n<\/div>\n<div class=\"texte\">\n<p>Il aura suffi de 537\u00a0mots et d\u2019une signature pour que Donald Trump condamne les abysses et enterre, d\u2019un m\u00eame jet de plume, dix ans de n\u00e9gociations internationales. Jeudi 24\u00a0avril, le locataire de la Maison-Blanche a annonc\u00e9, par <a class=\"spip_out\" href=\"https:\/\/www.whitehouse.gov\/fact-sheets\/2025\/04\/fact-sheet-president-donald-j-trump-unleashes-americas-offshore-critical-minerals-and-resources\/#:~:text=The Order directs the Secretary of Interior to establish a,resources for defense%2C infrastructure%2C and\" target=\"_blank\" rel=\"external noopener\">d\u00e9cret<\/a>, sa volont\u00e9 d\u2019ouvrir l\u2019exploitation mini\u00e8re dans les grands fonds marins, y compris dans les eaux internationales. Cette d\u00e9cision brave l\u2019Autorit\u00e9 internationale des fonds marins. Cette organisation, qui regroupe 167\u00a0\u00c9tats, est en th\u00e9orie seule comp\u00e9tente en mati\u00e8re d\u2019exploitation de la haute mer, en vertu d\u2019accords datant des ann\u00e9es 1990 que les \u00c9tats-Unis n\u2019ont jamais ratifi\u00e9s.<\/p>\n<p>L\u2019Autorit\u00e9 internationale des fonds marins s\u2019\u00e9chine depuis plus d\u2019une d\u00e9cennie \u00e0 accoucher d\u2019un Code minier, destin\u00e9 \u00e0 encadrer les activit\u00e9s mini\u00e8res dans les abysses. Initialement attendu pour 2025, le texte a pris du retard. Quoique l\u2019id\u00e9e d\u2019un moratoire soit encore loin de faire consensus, 32\u00a0\u00c9tats-membres (dont la France) ont officiellement appel\u00e9 \u00e0 une mise en pause des projets miniers, au moins jusqu\u2019\u00e0 ce que la r\u00e9daction de ce Code soit finalis\u00e9e.<\/p>\n<h2 class=\"spip\">Passage en force<\/h2>\n<p>Avec ce d\u00e9cret, Donald Trump opte pour le passage en force. Jusqu\u2019\u00e0 pr\u00e9sent, seuls des projets d\u2019exploration et d\u2019exploitation \u00e0 petite \u00e9chelle ont \u00e9t\u00e9 men\u00e9s, en guise de test, dans les abysses. Le texte promet de\u00a0faire des \u00c9tats-Unis <i>\u00ab<small class=\"fine d-inline\">\u00a0<\/small>un leader mondial de l\u2019exploration et de l\u2019exploitation des ressources min\u00e9rales des fonds marins, tant \u00e0 l\u2019int\u00e9rieur qu\u2019\u00e0 l\u2019ext\u00e9rieur de la juridiction nationale<small class=\"fine d-inline\">\u00a0<\/small>\u00bb<\/i>. Le pr\u00e9sident des \u00c9tats-Unis y presse le secr\u00e9taire au Commerce <i>\u00ab<small class=\"fine d-inline\">\u00a0<\/small>d\u2019acc\u00e9l\u00e9rer la proc\u00e9dure d\u2019examen et de d\u00e9livrance des permis de prospection et d\u2019exploitation commerciale<small class=\"fine d-inline\">\u00a0<\/small>\u00bb<\/i> des min\u00e9raux.<\/p>\n<p>Il somme \u00e9galement son gouvernement d\u2019identifier des partenaires \u00e9conomiques, d\u2019engager un dialogue avec le secteur priv\u00e9, de cartographier les zones les plus riches, et de pr\u00e9parer un rapport sur <i>\u00ab<small class=\"fine d-inline\">\u00a0<\/small>la faisabilit\u00e9 d\u2019un m\u00e9canisme de partage<small class=\"fine d-inline\">\u00a0<\/small>\u00bb<\/i> des b\u00e9n\u00e9fices. L\u2019objectif\u00a0: extraire un milliard de tonnes de mat\u00e9riaux en dix\u00a0ans.<\/p>\n<p>Donald Trump esp\u00e8re r\u00e9tablir ainsi <i>\u00ab<small class=\"fine d-inline\">\u00a0<\/small>la domination des \u00c9tats-Unis<small class=\"fine d-inline\">\u00a0<\/small>\u00bb<\/i> sur la sc\u00e8ne mini\u00e8re, et <i>\u00ab<small class=\"fine d-inline\">\u00a0<\/small>contrer l\u2019influence<small class=\"fine d-inline\">\u00a0<\/small>\u00bb<\/i> de la Chine. Le r\u00e9gime dirig\u00e9 par Xi Jinping exerce un contr\u00f4le <a class=\"spip_out\" href=\"https:\/\/www.bbc.com\/afrique\/articles\/c0jk5707jnqo\" target=\"_blank\" rel=\"external noopener\">de plus en plus important<\/a> sur les cha\u00eenes d\u2019approvisionnement du cobalt, du nickel et du mangan\u00e8se, des minerais consid\u00e9r\u00e9s comme cruciaux pour la s\u00e9curit\u00e9 du pays et dont <a href=\"https:\/\/reporterre.net\/L-industrie-miniere-prepare-le-pillage-des-fonds-marins\">regorgent les abysses<\/a>.<\/p>\n<blockquote class=\"spip\"><p>\u00ab<small class=\"fine d-inline\">\u00a0<\/small>Un pr\u00e9c\u00e9dent extr\u00eamement inqui\u00e9tant<small class=\"fine d-inline\">\u00a0<\/small>\u00bb<\/p><\/blockquote>\n<p>Avec ce d\u00e9cret, les \u00c9tats-Unis ouvrent un boulevard \u00e0 l\u2019entreprise canadienne The Metals Company, principale promotrice de l\u2019exploitation mini\u00e8re des fonds marins. Apr\u00e8s avoir longtemps mis\u00e9 sur le soutien de <a class=\"spip_in\" href=\"https:\/\/reporterre.net\/Nauru-l-ile-qui-veut-vendre-ses-fonds-marins\">Nauru, petite \u00eele du Pacifique ravag\u00e9e par l\u2019exploitation du phosphate<\/a>, l\u2019entreprise avait <a href=\"https:\/\/reporterre.net\/Les-tenants-de-l-exploitation-miniere-des-abysses-demandent-le-soutien-de-Trump\">r\u00e9v\u00e9l\u00e9<\/a> fin mars n\u00e9gocier avec l\u2019administration Trump pour d\u00e9marrer ses machines excavatrices au plus vite, au pr\u00e9texte de la lenteur de l\u2019Autorit\u00e9 internationale des fonds marins.<\/p>\n<p>\u00c0 peine le d\u00e9cret sign\u00e9, le patron de The Metals Company s\u2019est r\u00e9joui du <i>\u00ab<small class=\"fine d-inline\">\u00a0<\/small>retour du leadership am\u00e9ricain<small class=\"fine d-inline\">\u00a0<\/small>\u00bb<\/i>, avant de pr\u00e9ciser que son entreprise se tenait <i>\u00ab<small class=\"fine d-inline\">\u00a0<\/small>pr\u00eate<small class=\"fine d-inline\">\u00a0<\/small>\u00bb<\/i> \u00e0 lancer le premier projet d\u2019extraction commerciale de minerais dans les abysses au monde.<\/p>\n<p>La d\u00e9cision des \u00c9tats-Unis cr\u00e9e <i>\u00ab<small class=\"fine d-inline\">\u00a0<\/small>un pr\u00e9c\u00e9dent extr\u00eamement inqui\u00e9tant<small class=\"fine d-inline\">\u00a0<\/small>\u00bb<\/i>, d\u00e9plore aupr\u00e8s de <i>Reporterre<\/i> Fran\u00e7ois Chartier, charg\u00e9 de campagne Oc\u00e9ans et p\u00e9trole au sein de la branche fran\u00e7aise de Greenpeace. <i>\u00ab<small class=\"fine d-inline\">\u00a0<\/small>\u00c7a revient \u00e0 dire que, parce que une entreprise n\u2019est pas contente, qu\u2019elle trouve qu\u2019une organisation internationale n\u2019avance pas assez vite, on peut se permettre de sortir compl\u00e8tement du cadre du multilat\u00e9ralisme et du droit international.<small class=\"fine d-inline\">\u00a0<\/small>\u00bb<\/i><\/p>\n<p>Avec ce d\u00e9cret, Donald Trump ouvre une bo\u00eete de Pandore juridique. Si les \u00c9tats-Unis ont l\u00e9galement le droit d\u2019exploiter comme ils l\u2019entendent leur <i>\u00ab<small class=\"fine d-inline\">\u00a0<\/small>zone \u00e9conomique exclusive<small class=\"fine d-inline\">\u00a0<\/small>\u00bb<\/i> (qui s\u2019\u00e9tend jusqu\u2019\u00e0 200\u00a0milles marins des c\u00f4tes), selon la logique de la <a class=\"spip_out\" href=\"https:\/\/treaties.un.org\/pages\/ViewDetailsIII.aspx?src=TREATY&amp;mtdsg_no=XXI-6&amp;chapter=21&amp;Temp=mtdsg3&amp;clang=_fr\" target=\"_blank\" rel=\"external noopener\">Convention des Nations Unies sur le droit de la mer<\/a>, seule l\u2019Autorit\u00e9 internationale des fonds marins est souveraine en ce qui concerne l\u2019exploitation mini\u00e8re en haute mer, explique Fran\u00e7ois Chartier\u00a0: <i>\u00ab<small class=\"fine d-inline\">\u00a0<\/small>Il n\u2019est pas possible d\u2019exploiter les fonds marins en dehors de ce cadre, m\u00eame si on ne l\u2019a pas ratifi\u00e9.<small class=\"fine d-inline\">\u00a0<\/small>\u00bb<\/i><\/p>\n<h2 class=\"spip\">Une attaque sur le \u00ab<small class=\"fine d-inline\">\u00a0<\/small>patrimoine commun de l\u2019humanit\u00e9<small class=\"fine d-inline\">\u00a0<\/small>\u00bb<\/h2>\n<p><i>\u00ab<small class=\"fine d-inline\">\u00a0<\/small>Dans les textes des Nations Unies sur le droit de la mer, les grands fonds marins dans les eaux internationales sont consid\u00e9r\u00e9s comme patrimoine commun de l\u2019humanit\u00e9, sur lequel aucun \u00c9tat ne peut clamer sa souverainet\u00e9<small class=\"fine d-inline\">\u00a0<\/small>\u00bb<\/i>, abonde l\u2019activiste Anne-Sophie Roux, cofondatrice du mouvement citoyen LookDown. Certes, les \u00c9tats-Unis n\u2019ont pas ratifi\u00e9 la convention des Nations Unies sur le droit de la mer, <i>\u00ab<small class=\"fine d-inline\">\u00a0<\/small>mais ils ont sign\u00e9 l\u2019accord de 1994 qui se rapporte aux grands fonds marins et sont l\u00e9galement tenus par ce droit<small class=\"fine d-inline\">\u00a0<\/small>\u00bb<\/i>, dit-elle.<\/p>\n<p>Donald Trump brandit, pour justifier sa d\u00e9cision, <a class=\"spip_out\" href=\"https:\/\/uscode.house.gov\/view.xhtml?path=\/prelim@title30\/chapter26&amp;edition=prelim\" target=\"_blank\" rel=\"external noopener\">une obscure loi<\/a> de 1980, octroyant au gouvernement f\u00e9d\u00e9ral \u00e9tasunien le droit de d\u00e9livrer des permis d\u2019exploitation dans les eaux internationales. <i>\u00ab<small class=\"fine d-inline\">\u00a0<\/small>Mais dans la hi\u00e9rarchie des normes, le droit international prime<small class=\"fine d-inline\">\u00a0<\/small>\u00bb<\/i>, indique Fran\u00e7ois Chartier. Ce d\u00e9cret pourrait \u00e9ventuellement \u00eatre attaqu\u00e9 par d\u2019autres pays devant le Tribunal international du droit de la mer, situ\u00e9 \u00e0 Hambourg. <i>\u00ab<small class=\"fine d-inline\">\u00a0<\/small>Mais les d\u00e9lais sont importants<small class=\"fine d-inline\">\u00a0<\/small>\u00bb<\/i>, pointe-t-il.<\/p>\n<p>La catastrophe environnementale, elle, est imminente. Les alertes des scientifiques sur les risques associ\u00e9s \u00e0 cette industrie s\u2019accumulent. La <a class=\"spip_out\" href=\"https:\/\/www.nature.com\/articles\/s41586-025-08921-3\" target=\"_blank\" rel=\"external noopener\">derni\u00e8re \u00e9tude<\/a> en date, publi\u00e9e fin mars dans la revue <i>Nature<\/i>, montre que l\u2019extraction mini\u00e8re a des r\u00e9percussions sur la vie marine pendant des d\u00e9cennies. Les scientifiques ont \u00e9tudi\u00e9 un site du Pacifique Nord soumis \u00e0 un test d\u2019exploitation mini\u00e8re en 1979. 44\u00a0ans plus tard, il montre encore des niveaux de biodiversit\u00e9 inf\u00e9rieurs \u00e0 ceux des sites voisins non exploit\u00e9s.<\/p>\n<blockquote class=\"spip\"><p>\u00ab<small class=\"fine d-inline\">\u00a0<\/small>Des oc\u00e9ans sains, vitaux pour les \u00eatres humains, seront d\u00e9truits<small class=\"fine d-inline\">\u00a0<\/small>\u00bb<\/p><\/blockquote>\n<p><a class=\"spip_out\" href=\"https:\/\/ipos.earth\/global-deep-sea-consultation-pilot-project\" target=\"_blank\" rel=\"external noopener\">Un rapport<\/a> publi\u00e9 quelques jours plus tard par l\u2019International Platform for Ocean Sustainability (<span class=\"caps\">IPOS<\/span>) enfonce le clou. <i>\u00ab<small class=\"fine d-inline\">\u00a0<\/small>Nous pouvons affirmer avec une confiance absolue [\u2026] que l\u2019exploitation mini\u00e8re en eaux profondes modifiera les fondements biologiques, biochimiques et g\u00e9ochimiques de la vie dans les oc\u00e9ans<small class=\"fine d-inline\">\u00a0<\/small>\u00bb<\/i>, y \u00e9crit Judith Gobin, biologiste marine renomm\u00e9e et professeure \u00e0 l\u2019universit\u00e9 des Indes occidentales. Les risques <i>\u00ab<small class=\"fine d-inline\">\u00a0<\/small>sont in\u00e9vitables et tr\u00e8s probablement irr\u00e9versibles. Des oc\u00e9ans sains, vitaux pour les \u00eatres humains, seront d\u00e9truits.<small class=\"fine d-inline\">\u00a0<\/small>\u00bb<\/i><\/p>\n<p>En laissant les bulldozers ratisser les tr\u00e9fonds de l\u2019oc\u00e9an, Donald Trump risque d\u2019an\u00e9antir des \u00e9cosyst\u00e8mes dont nous ne connaissons encore presque rien, si ce n\u2019est qu\u2019ils <a class=\"spip_out\" href=\"https:\/\/www.theguardian.com\/environment\/2022\/nov\/14\/glassy-fangs-and-glowing-fins-amazing-deep-sea-animals-found-near-cocos-islands\" target=\"_blank\" rel=\"external noopener\">foisonnent<\/a> d\u2019\u00eatres bioluminescents, \u00e9lastiques et captivants, et produisent un <a href=\"https:\/\/reporterre.net\/Oxygene-noir-une-decouverte-cruciale-pour-la-protection-des-abysses\"><i>\u00ab<small class=\"fine d-inline\">\u00a0<\/small>oxyg\u00e8ne noir<small class=\"fine d-inline\">\u00a0<\/small>\u00bb<\/i><\/a> qui pourrait, selon certains scientifiques, nous mener \u00e0 repenser l\u2019origine de la vie sur Terre.<\/p>\n<h2 class=\"spip\">L\u2019urgence d\u2019une r\u00e9action internationale<\/h2>\n<p><i>\u00ab<small class=\"fine d-inline\">\u00a0<\/small>Il faut que tous les pays attach\u00e9s au droit international et au multilat\u00e9ralisme r\u00e9agissent pour emp\u00eacher \u00e7a<\/i>, dit Anne-Sophie Roux. <i>Sinon le risque, concr\u00e8tement, c\u2019est que le plus vaste \u00e9cosyst\u00e8me de la plan\u00e8te devienne une zone de non-droit, un Far West.<small class=\"fine d-inline\">\u00a0<\/small>\u00bb<\/i> L\u2019avenir des fonds marins fait partie des sujets qui doivent \u00eatre discut\u00e9s lors de la prochaine Conf\u00e9rence des Nations Unies sur l\u2019Oc\u00e9an (Unoc), qui se tiendra en juin \u00e0 Nice. Fran\u00e7ois Chartier esp\u00e8re <i>\u00ab<small class=\"fine d-inline\">\u00a0<\/small>qu\u2019un maximum de pays<small class=\"fine d-inline\">\u00a0<\/small>\u00bb<\/i> s\u2019y opposeront de mani\u00e8re ferme et coordonn\u00e9e \u00e0 Trump, et exigeront un moratoire.<\/p>\n<p>Les pays participant \u00e0 l\u2019Unoc sont cens\u00e9s y acter des avanc\u00e9es pour l\u2019oc\u00e9an, notamment la ratification du premier <a href=\"https:\/\/reporterre.net\/Adoption-du-traite-sur-la-haute-mer-C-est-historique\">trait\u00e9 de protection de la haute mer<\/a>, porteur de beaucoup d\u2019espoir pour les \u00e9cosyst\u00e8mes hors des juridictions nationales. <i>\u00ab<small class=\"fine d-inline\">\u00a0<\/small>Tous ces objectifs tombent \u00e0 terre si Trump va miner en haute mer en violant le droit international<\/i>, pointe Anne-Sophie Roux. <i>D\u2019un point de vue \u00e9cosyst\u00e9mique, d\u2019abord, parce que cela d\u00e9truirait la haute mer, mais aussi d\u2019un point de vue diplomatique et multilat\u00e9ral. Tous les pays qui n\u00e9gocient dans les r\u00e8gles depuis des d\u00e9cennies passeraient pour des idiots.<small class=\"fine d-inline\">\u00a0<\/small>\u00bb<\/i><\/p>\n<\/div>\n","protected":false},"excerpt":{"rendered":"<p>[pomp\u00e9 sur reporterre] Donald Trump a sign\u00e9 un d\u00e9cret autorisant l\u2019exploitation mini\u00e8re des fonds marins. Une d\u00e9cision \u00e0 rebours des accords internationaux, qui sera mortif\u00e8re pour la vie et la biodiversit\u00e9 des oc\u00e9ans. Il aura suffi de 537\u00a0mots et d\u2019une &hellip; <a href=\"https:\/\/raslamine.noblogs.org\/?p=609\">Continuer la lecture <span class=\"meta-nav\">&rarr;<\/span><\/a><\/p>\n","protected":false},"author":19922,"featured_media":0,"comment_status":"closed","ping_status":"closed","sticky":false,"template":"","format":"standard","meta":{"footnotes":""},"categories":[13,24,28],"tags":[],"class_list":["post-609","post","type-post","status-publish","format-standard","hentry","category-capitalisme-vert","category-luttes-internationales","category-rebut-de-pressse"],"_links":{"self":[{"href":"https:\/\/raslamine.noblogs.org\/index.php?rest_route=\/wp\/v2\/posts\/609","targetHints":{"allow":["GET"]}}],"collection":[{"href":"https:\/\/raslamine.noblogs.org\/index.php?rest_route=\/wp\/v2\/posts"}],"about":[{"href":"https:\/\/raslamine.noblogs.org\/index.php?rest_route=\/wp\/v2\/types\/post"}],"author":[{"embeddable":true,"href":"https:\/\/raslamine.noblogs.org\/index.php?rest_route=\/wp\/v2\/users\/19922"}],"replies":[{"embeddable":true,"href":"https:\/\/raslamine.noblogs.org\/index.php?rest_route=%2Fwp%2Fv2%2Fcomments&post=609"}],"version-history":[{"count":1,"href":"https:\/\/raslamine.noblogs.org\/index.php?rest_route=\/wp\/v2\/posts\/609\/revisions"}],"predecessor-version":[{"id":610,"href":"https:\/\/raslamine.noblogs.org\/index.php?rest_route=\/wp\/v2\/posts\/609\/revisions\/610"}],"wp:attachment":[{"href":"https:\/\/raslamine.noblogs.org\/index.php?rest_route=%2Fwp%2Fv2%2Fmedia&parent=609"}],"wp:term":[{"taxonomy":"category","embeddable":true,"href":"https:\/\/raslamine.noblogs.org\/index.php?rest_route=%2Fwp%2Fv2%2Fcategories&post=609"},{"taxonomy":"post_tag","embeddable":true,"href":"https:\/\/raslamine.noblogs.org\/index.php?rest_route=%2Fwp%2Fv2%2Ftags&post=609"}],"curies":[{"name":"wp","href":"https:\/\/api.w.org\/{rel}","templated":true}]}}