{"id":385,"date":"2025-02-16T17:00:05","date_gmt":"2025-02-16T16:00:05","guid":{"rendered":"https:\/\/raslamine.noblogs.org\/?p=385"},"modified":"2025-02-16T23:11:52","modified_gmt":"2025-02-16T22:11:52","slug":"a-ecouter-saison-iv-ep14-no-a-la-mineria-equateur","status":"publish","type":"post","link":"https:\/\/raslamine.noblogs.org\/?p=385","title":{"rendered":"A \u00e9couter : Saison IV \u2022 EP14 \u2022 \u00a1 No a la Mineria ! \/ Equateur"},"content":{"rendered":"<p>En Equateur, les projets miniers se multiplient : 8 % du territoire national est concern\u00e9. Le gouvernement du pr\u00e9sident Noboa m\u00e8ne l\u2019offensive en faisant appel \u00e0 la police, \u00e0 l\u2019arm\u00e9e et m\u00eame \u00e0 des paramilitaires financ\u00e9s par les multinationales pour imposer des consultations aux populations. Pourtant, fort d\u2019une constitution qui le prot\u00e8ge (un peu), organis\u00e9 et solidaire, le peuple \u00e9quatorien r\u00e9siste et maintient vivaces les flammes de la r\u00e9sistance.<br \/>\nFocus sur le dernier chapitre de cet autre conflit int\u00e9rieur \u00e0 Palo Quemado, avec Luis Corral, porte parole du Front contre l\u2019industrie mini\u00e8re.<\/p>\n<p>\u00e0 \u00e9couter sur :<br \/>\n<a href=\"https:\/\/audioblog.arteradio.com\/blog\/157476\/podcast\/227080\/saison-iv-e-p14-no-a-la-mineria-equateur\">Saison IV \u2022 EP14 \u2022 \u00a1 No a la Mineria ! \/ Equateur<\/a><\/p>\n<p>&nbsp;<\/p>\n","protected":false},"excerpt":{"rendered":"<p>En Equateur, les projets miniers se multiplient : 8 % du territoire national est concern\u00e9. Le gouvernement du pr\u00e9sident Noboa m\u00e8ne l\u2019offensive en faisant appel \u00e0 la police, \u00e0 l\u2019arm\u00e9e et m\u00eame \u00e0 des paramilitaires financ\u00e9s par les multinationales pour &hellip; <a href=\"https:\/\/raslamine.noblogs.org\/?p=385\">Continuer la lecture <span class=\"meta-nav\">&rarr;<\/span><\/a><\/p>\n","protected":false},"author":19922,"featured_media":0,"comment_status":"closed","ping_status":"closed","sticky":false,"template":"","format":"standard","meta":{"footnotes":""},"categories":[1,24,34],"tags":[],"class_list":["post-385","post","type-post","status-publish","format-standard","hentry","category-general","category-luttes-internationales","category-podcast"],"_links":{"self":[{"href":"https:\/\/raslamine.noblogs.org\/index.php?rest_route=\/wp\/v2\/posts\/385","targetHints":{"allow":["GET"]}}],"collection":[{"href":"https:\/\/raslamine.noblogs.org\/index.php?rest_route=\/wp\/v2\/posts"}],"about":[{"href":"https:\/\/raslamine.noblogs.org\/index.php?rest_route=\/wp\/v2\/types\/post"}],"author":[{"embeddable":true,"href":"https:\/\/raslamine.noblogs.org\/index.php?rest_route=\/wp\/v2\/users\/19922"}],"replies":[{"embeddable":true,"href":"https:\/\/raslamine.noblogs.org\/index.php?rest_route=%2Fwp%2Fv2%2Fcomments&post=385"}],"version-history":[{"count":1,"href":"https:\/\/raslamine.noblogs.org\/index.php?rest_route=\/wp\/v2\/posts\/385\/revisions"}],"predecessor-version":[{"id":386,"href":"https:\/\/raslamine.noblogs.org\/index.php?rest_route=\/wp\/v2\/posts\/385\/revisions\/386"}],"wp:attachment":[{"href":"https:\/\/raslamine.noblogs.org\/index.php?rest_route=%2Fwp%2Fv2%2Fmedia&parent=385"}],"wp:term":[{"taxonomy":"category","embeddable":true,"href":"https:\/\/raslamine.noblogs.org\/index.php?rest_route=%2Fwp%2Fv2%2Fcategories&post=385"},{"taxonomy":"post_tag","embeddable":true,"href":"https:\/\/raslamine.noblogs.org\/index.php?rest_route=%2Fwp%2Fv2%2Ftags&post=385"}],"curies":[{"name":"wp","href":"https:\/\/api.w.org\/{rel}","templated":true}]}}