{"id":268,"date":"2024-12-14T17:00:19","date_gmt":"2024-12-14T16:00:19","guid":{"rendered":"https:\/\/raslamine.noblogs.org\/?p=268"},"modified":"2024-12-15T14:09:30","modified_gmt":"2024-12-15T13:09:30","slug":"travaux-pour-acheminer-le-lithium-nouvelle-gestion-de-lignes-des-annonces-pour-redynamiser-letoile-ferroviaire-montluconnaise","status":"publish","type":"post","link":"https:\/\/raslamine.noblogs.org\/?p=268","title":{"rendered":"Travaux pour acheminer le lithium, nouvelle gestion de lignes&#8230; Des annonces pour redynamiser \u00ab\u00a0l&rsquo;\u00e9toile ferroviaire montlu\u00e7onnaise\u00a0\u00bb"},"content":{"rendered":"<p>[pomp\u00e9 sur lamontagne]<\/p>\n<div class=\"flex flex-col gap-1 lg:gap-2\">\n<h1 class=\"typo-h1\">Travaux pour acheminer le lithium, nouvelle gestion de lignes&#8230; Des annonces pour redynamiser \u00ab\u00a0l&rsquo;\u00e9toile ferroviaire montlu\u00e7onnaise\u00a0\u00bb<\/h1>\n<h2 class=\"typo-abstract\">La R\u00e9gion Auvergne-Rh\u00f4ne-Alpes souhaite \u00ab redynamiser l&rsquo;\u00e9toile ferroviaire montlu\u00e7onnaise \u00bb. Au programme : r\u00e9g\u00e9n\u00e9ration des lignes allant vers l&rsquo;est, r\u00e9ouverture du d\u00e9bat autour de celle reliant Lyon \u00e0 Bordeaux ou encore r\u00e9novation de la gare de Montlu\u00e7on (Allier).<\/h2>\n<\/div>\n<div class=\"typo-p3 flex flex-col gap-1\">\n<p>Par Laura Morel<\/p>\n<\/div>\n<div class=\"z-10 mb-2 flex flex-col gap-4\">\n<p class=\"typo-p1\">\u00ab Redynamiser l&rsquo;\u00e9toile ferroviaire montlu\u00e7onnaise. \u00bb Telle est l&rsquo;ambition affich\u00e9e par la R\u00e9gion Auvergne-Rh\u00f4ne-Alpes (AuRa).<\/p>\n<p class=\"typo-p1\">\u00ab Cette \u00e9toile a effectivement\u00a0perdu de ses couleurs, mais on voit qu&rsquo;il y a des perspectives. Elle a de l&rsquo;avenir. Nous sommes extr\u00eamement optimistes\u00a0\u00bb, assure Fr\u00e9d\u00e9ric Aguilera, vice-pr\u00e9sident d\u00e9l\u00e9gu\u00e9 aux transports, en d\u00e9placement dans la cit\u00e9 des bords du Cher, ce lundi 9 d\u00e9cembre.<\/p>\n<p class=\"typo-p1\">Il poursuit :\u00a0\u00ab Nous\u00a0travaillons\u00a0depuis un certain nombre de mois pour qu&rsquo;\u00e0 court, moyen et\u00a0long termes, cette \u00e9toile reprenne des couleurs\u00a0\u00bb. Mais comment ?<\/p>\n<h2 class=\"typo-h2\">L&rsquo;espoir de la mine de lithium \u00e0 \u00c9chassi\u00e8res\u00a0et de l&rsquo;usine de conversion dans l&rsquo;agglom\u00e9ration de Montlu\u00e7on<\/h2>\n<p class=\"typo-p1\">\u00ab La branche en direction de l&rsquo;est, vers\u00a0Saint-Germain-des-Foss\u00e9s, Lyon et Clermont-Ferrand, est aujourd&rsquo;hui plus qu&rsquo;affaiblie, avec une infrastructure vieillissante et une ligne d\u00e9grad\u00e9e \u00bb, note Fr\u00e9d\u00e9ric Aguilera.<\/p>\n<p class=\"typo-p1\">Mais si l&rsquo;\u00e9tat des lieux est plut\u00f4t n\u00e9gatif aujourd&rsquo;hui,\u00a0\u00ab l&rsquo;espoir majeur,\u00a0c&rsquo;est le projet Emili avec Imerys \u00bb. Avec le projet de\u00a0mine de lithium situ\u00e9e \u00e0 \u00c9chassi\u00e8res et l&rsquo;usine de conversion \u00e0 Saint-Victor, dans l&rsquo;agglom\u00e9ration de Montlu\u00e7on.<\/p>\n<p class=\"typo-p1\">Le fret, entre Gannat et Montlu\u00e7on, pour acheminer le lithium,\u00a0aura alors un r\u00f4le central.<\/p>\n<figure class=\"border-l-dark not-prose relative my-6 border-l pl-6 sm:mx-20\">\n<div class=\"text-primary-light absolute bottom-[-13px] right-0\"><\/div>\n<\/figure>\n<\/div>\n<figure class=\"border-l-dark not-prose relative my-6 border-l pl-6 sm:mx-20\">\n<blockquote class=\"relative\">\n<div class=\"font-serif text-lg\">L&rsquo;\u00c9tat s&rsquo;est engag\u00e9 pour la r\u00e9g\u00e9n\u00e9ration de cette ligne-l\u00e0, avec environ 100 millions d&rsquo;euros de travaux.<\/div>\n<\/blockquote>\n<\/figure>\n<p class=\"typo-p1\">\u00ab\u00a0Il y avait \u00e9galement une urgence \u00e0 entamer les \u00e9tudes pour \u00eatre pr\u00eats pour 2029. L\u00e0 encore, le signal de l&rsquo;\u00c9tat est fort puisqu&rsquo;il s&rsquo;est engag\u00e9\u00a0\u00e0 financer ces \u00e9tudes. Elles viennent donc de commencer. \u00bb<\/p>\n<div id=\"cf-digiteka-player\" class=\"bg-gray-light my-2 rounded-2xl p-6\">\n<div id=\"digiteka-header\" class=\"relative flex flex-col sm:flex-row sm:items-center sm:justify-between\"><\/div>\n<\/div>\n<h2 class=\"typo-h2\">Des perspectives pour les autres lignes<\/h2>\n<p class=\"typo-p1\">Et ce projet, qui aura des impacts en termes d&rsquo;am\u00e9nagement du territoire,\u00a0pourrait \u00e9galement ouvrir \u00ab des perspectives pour les autres lignes \u00bb.\u00a0Fr\u00e9d\u00e9ric Aguilera souligne :\u00a0\u00ab Cela devrait permettre de\u00a0mieux consolider la ligne vers Clermont-Ferrand\u00a0\u00bb. Avec, l&rsquo;\u00e9lu l&rsquo;annonce, une augmentation, dans le cadre des Services express r\u00e9gionaux m\u00e9tropolitains (Serm), des fr\u00e9quences des trains entre Montlu\u00e7on et Clermont d&rsquo;ici 2029-2030.<\/p>\n<figure class=\"border-l-dark not-prose relative my-6 border-l pl-6 sm:mx-20\">\n<div class=\"text-primary-light absolute bottom-[-13px] right-0\"><\/div>\n<\/figure>\n<figure class=\"border-l-dark not-prose relative my-6 border-l pl-6 sm:mx-20\">\n<blockquote class=\"relative\">\n<div class=\"font-serif text-lg\">L&rsquo;objectif est \u00e9galement de remettre des directs en direction de Lyon.<\/div>\n<\/blockquote>\n<\/figure>\n<p class=\"typo-p1\">La R\u00e9gion voit \u00e9galement l&rsquo;opportunit\u00e9, \u00e0 l&rsquo;horizon 2030-2032, de\u00a0\u00ab r\u00e9ouvrir le d\u00e9bat avec l&rsquo;\u00c9tat \u00bb quant \u00e0 un Train d&rsquo;\u00e9quilibre du territoire (TET) Lyon-Bordeaux.\u00a0\u00ab On doit se battre pour qu&rsquo;il passe au c\u0153ur du Massif central. \u00bb<\/p>\n<h2 class=\"typo-h2\">Entre 200.000 et 300.000 euros pour la gare de Montlu\u00e7on<\/h2>\n<p class=\"typo-p1\">Autre annonce de l&rsquo;\u00e9lu r\u00e9gional : la r\u00e9alisation prochaine de travaux au niveau de la gare routi\u00e8re et de la gare ferroviaire de Montlu\u00e7on. \u00ab Nous avons regard\u00e9 ce matin <em>[lundi 9 d\u00e9cembre, NDLR.]\u00a0<\/em>pour lancer ces travaux de r\u00e9novation. \u00bb<\/p>\n<p class=\"typo-p1\">Diff\u00e9rents am\u00e9nagements seront r\u00e9alis\u00e9s en f\u00e9vrier ou mars 2025 au niveau de la gare routi\u00e8re : installation d&rsquo;abribus, d&rsquo;un nouvel \u00e9clairage, r\u00e9alisation de quais d&rsquo;attente, s\u00e9curisation&#8230;<\/p>\n<figure class=\"border-l-dark not-prose relative my-6 border-l pl-6 sm:mx-20\">\n<div class=\"text-primary-light absolute bottom-[-13px] right-0\"><\/div>\n<\/figure>\n<figure class=\"border-l-dark not-prose relative my-6 border-l pl-6 sm:mx-20\">\n<blockquote class=\"relative\">\n<div class=\"font-serif text-lg\">D&rsquo;ici dix-huit\u00a0\u00e0 vingt-quatre\u00a0mois, il y aura \u00e9galement un nouveau hall de gare pour envoyer un signal fort\u00a0et montrer que cette gare a de l&rsquo;avenir.<\/div>\n<\/blockquote>\n<\/figure>\n<p class=\"typo-p1\">Si la date exacte de d\u00e9but des travaux n&rsquo;est pas connue, elle est n\u00e9anmoins esp\u00e9r\u00e9e pour d\u00e9but 2026. Pour un budget entre 200.000 et 300.000 euros.\u00a0\u00ab Le programme n&rsquo;est pas encore arr\u00eat\u00e9. \u00bb<\/p>\n<p class=\"typo-p1\">Sandrine Azemard, directrice r\u00e9gionale des gares AuRa pour SNCF gares et connexions, pr\u00e9cise : \u00ab Il y a un \u00e9lan sur les mobilit\u00e9s depuis quelque temps d\u00e9j\u00e0. Nous avons d\u00e9j\u00e0 mis la gare de Montlu\u00e7on en accessibilit\u00e9 l&rsquo;ann\u00e9e derni\u00e8re. Mais le b\u00e2timent voyageur date des ann\u00e9es 70-80. Il faut mettre un coup de neuf en r\u00e9novant ce hall \u00bb.<\/p>\n<h2 class=\"typo-h2\">Reprendre la maitrise de la partie nord<\/h2>\n<p class=\"typo-p1\">La R\u00e9gion souhaite \u00e9galement agir sur les liaisons avec la partie nord,\u00a0en direction de Vierzon, Bourges (Cher), avec une\u00a0ouverture sur\u00a0Paris.\u00a0\u00ab Actuellement, une partie des trains est g\u00e9r\u00e9e par la R\u00e9gion Centre-Val de Loire et une autre par AuRa\u00a0\u00bb, explique Fr\u00e9d\u00e9ric Aguilera.<\/p>\n<p class=\"typo-p1\">\u00c0 partir de d\u00e9cembre 2028, la gestion de l&rsquo;int\u00e9gralit\u00e9 sera confi\u00e9e \u00e0 Auvergne-Rh\u00f4ne-Alpes.<\/p>\n<figure class=\"border-l-dark not-prose relative my-6 border-l pl-6 sm:mx-20\">\n<div class=\"text-primary-light absolute bottom-[-13px] right-0\"><\/div>\n<\/figure>\n<figure class=\"border-l-dark not-prose relative my-6 border-l pl-6 sm:mx-20\">\n<blockquote class=\"relative\">\n<div class=\"font-serif text-lg\">C&rsquo;est un v\u00e9ritable enjeu pour Montlu\u00e7on. Et, pour reprendre la maitrise de ces lignes, il faut prendre l&rsquo;int\u00e9gralit\u00e9 de\u00a0la gestion.<\/div>\n<\/blockquote>\n<\/figure>\n<p class=\"typo-p1\">D&rsquo;autant que l&rsquo;objectif pour la R\u00e9gion est d&rsquo;augmenter la fr\u00e9quentation de ces liaisons et leur nombre dans les ann\u00e9es \u00e0 venir gr\u00e2ce \u00e0 une ouverture \u00e0 la concurrence, \u00ab qui ne veut pas dire privatisation \u00bb, l\u00e0 aussi en d\u00e9cembre 2028.<\/p>\n","protected":false},"excerpt":{"rendered":"<p>[pomp\u00e9 sur lamontagne] Travaux pour acheminer le lithium, nouvelle gestion de lignes&#8230; Des annonces pour redynamiser \u00ab\u00a0l&rsquo;\u00e9toile ferroviaire montlu\u00e7onnaise\u00a0\u00bb La R\u00e9gion Auvergne-Rh\u00f4ne-Alpes souhaite \u00ab redynamiser l&rsquo;\u00e9toile ferroviaire montlu\u00e7onnaise \u00bb. Au programme : r\u00e9g\u00e9n\u00e9ration des lignes allant vers l&rsquo;est, r\u00e9ouverture du &hellip; <a href=\"https:\/\/raslamine.noblogs.org\/?p=268\">Continuer la lecture <span class=\"meta-nav\">&rarr;<\/span><\/a><\/p>\n","protected":false},"author":19922,"featured_media":0,"comment_status":"closed","ping_status":"closed","sticky":false,"template":"","format":"standard","meta":{"footnotes":""},"categories":[15,26,28],"tags":[],"class_list":["post-268","post","type-post","status-publish","format-standard","hentry","category-allier","category-emili","category-rebut-de-pressse"],"_links":{"self":[{"href":"https:\/\/raslamine.noblogs.org\/index.php?rest_route=\/wp\/v2\/posts\/268","targetHints":{"allow":["GET"]}}],"collection":[{"href":"https:\/\/raslamine.noblogs.org\/index.php?rest_route=\/wp\/v2\/posts"}],"about":[{"href":"https:\/\/raslamine.noblogs.org\/index.php?rest_route=\/wp\/v2\/types\/post"}],"author":[{"embeddable":true,"href":"https:\/\/raslamine.noblogs.org\/index.php?rest_route=\/wp\/v2\/users\/19922"}],"replies":[{"embeddable":true,"href":"https:\/\/raslamine.noblogs.org\/index.php?rest_route=%2Fwp%2Fv2%2Fcomments&post=268"}],"version-history":[{"count":1,"href":"https:\/\/raslamine.noblogs.org\/index.php?rest_route=\/wp\/v2\/posts\/268\/revisions"}],"predecessor-version":[{"id":269,"href":"https:\/\/raslamine.noblogs.org\/index.php?rest_route=\/wp\/v2\/posts\/268\/revisions\/269"}],"wp:attachment":[{"href":"https:\/\/raslamine.noblogs.org\/index.php?rest_route=%2Fwp%2Fv2%2Fmedia&parent=268"}],"wp:term":[{"taxonomy":"category","embeddable":true,"href":"https:\/\/raslamine.noblogs.org\/index.php?rest_route=%2Fwp%2Fv2%2Fcategories&post=268"},{"taxonomy":"post_tag","embeddable":true,"href":"https:\/\/raslamine.noblogs.org\/index.php?rest_route=%2Fwp%2Fv2%2Ftags&post=268"}],"curies":[{"name":"wp","href":"https:\/\/api.w.org\/{rel}","templated":true}]}}