{"id":220,"date":"2024-12-01T17:00:58","date_gmt":"2024-12-01T16:00:58","guid":{"rendered":"https:\/\/raslamine.noblogs.org\/?p=220"},"modified":"2024-12-01T00:21:24","modified_gmt":"2024-11-30T23:21:24","slug":"la-terre-se-souleve","status":"publish","type":"post","link":"https:\/\/raslamine.noblogs.org\/?p=220","title":{"rendered":"La terre se soul\u00e8ve"},"content":{"rendered":"<div class=\"chapo\">\n<h4>[pomp\u00e9 sur <a href=\"https:\/\/oclibertaire.lautre.net\/spip.php?article4269\">oclibertaire.lautre.net<\/a>]<\/h4>\n<p>Quand la terre se soul\u00e8ve, il est n\u00e9cessaire qu\u2019un travail souterrain se soit produit. Prenons l\u2019exemple de la cr\u00e9ation des montagnes, les plaques tectoniques participent, par leurs frottements et l\u2019interp\u00e9n\u00e9tration de l\u2019une sous l\u2019autre, au d\u00e9placement de masse tr\u00e8s importante de roches cr\u00e9ant ce que nous nommons les montagnes. Bon tout cela est bien joli, mais c\u2019est quoi le probl\u00e8me ? Je vais essayer de l\u2019expliquer dans la suite de ce texte.<\/p>\n<\/div>\n<div class=\"texte\">\n<p><q>Le texte qui suit est un billet d\u2019humeur d\u2019un adh\u00e9rent de stop mines 03, association qui s\u2019oppose au projet de mine de lithium dans le d\u00e9partement de l\u2019Allier. Plusieurs articles ont d\u00e9j\u00e0 \u00e9t\u00e9 \u00e9crits dans CA, vous pouvez les retrouver dans les num\u00e9ros 326 janvier 2023, 330 mai 2023, 340 mai 2024. <\/q><\/p>\n<h2 class=\"spip\"><img loading=\"lazy\" decoding=\"async\" src=\"https:\/\/oclibertaire.lautre.net\/local\/cache-vignettes\/L362xH28\/b4bc0fad18c7e0845bbdb9acf8a190fb-4074d.png?1729585064\" alt=\"Un d\u00e9partement m\u00e9connu l'Allier ?!\" width=\"362\" height=\"28\" \/><\/h2>\n<p>A la fin du mois d\u2019octobre 2022, par voie de presse, les habitantes et habitants de l\u2019Allier prennent connaissance qu\u2019une mine, pour extraire le lithium, est en projet sur la commune d\u2019Echassi\u00e8res. La multinationale Im\u00e9rys, par ailleurs exploitante d\u2019une carri\u00e8re de kaolin sur cette commune, a un Permis Exclusif de Recherche (PER), premier pas vers la concession et l\u2019exploitation de m\u00e9taux dits \u00ab\u00a0essentiels\u00a0\u00bb.<br class=\"autobr\" \/>Suite \u00e0 cette annonce, des habitantes et habitants d\u2019Echassi\u00e8res et des communes environnantes se r\u00e9unissent et r\u00e9fl\u00e9chissent, quelles suites donner \u00e0 cette information ? La d\u00e9cision prise est de prendre contact avec Stop mines 23 qui se bat depuis plusieurs ann\u00e9es contre des projets de mines en Creuse, en Limousin, en Guyane et qui a aussi des contacts avec d\u2019autres collectifs.<br class=\"autobr\" \/>Une premi\u00e8re r\u00e9union est organis\u00e9e pour trouver un consensus sur l\u2019organisation future. L\u2019id\u00e9e de cr\u00e9er une association coll\u00e9giale est act\u00e9e, non sans r\u00e9ticence de certaines et certains \u00ab\u00a0Stop mines 03, Ni Ici, Ni Ailleurs\u00a0\u00bb consid\u00e9r\u00e9 trop clivant. Mais la majorit\u00e9 approuve le fonctionnement, proche d\u2019un collectif, avec des d\u00e9cisions prisent en assembl\u00e9e g\u00e9n\u00e9rale et sans bureau, o\u00f9 chaque membre actif est coresponsable.<br class=\"autobr\" \/>Nous sommes au mois de d\u00e9cembre 2022, l\u2019association sera d\u00e9clar\u00e9e en janvier 2023.<\/p>\n<h2 class=\"spip\"><img loading=\"lazy\" decoding=\"async\" src=\"https:\/\/oclibertaire.lautre.net\/local\/cache-vignettes\/L233xH28\/5d56a24a2ef376cf7cb25ff92764fb55-07c04.png?1729585064\" alt=\"Suite \u00e0 cette cr\u00e9ation.\" width=\"233\" height=\"28\" \/><\/h2>\n<p>Apr\u00e8s d\u00e9cisions prisent en assembl\u00e9es g\u00e9n\u00e9rales, des r\u00e9unions publiques sont organis\u00e9es dans les communes limitrophes pour informer et conna\u00eetre l\u2019\u00e9tat d\u2019esprits des bourbonnaises et bourbonnais (1) face \u00e0 cette annonce, une dynamique se met en place pour \u00e9largir notre action locale, aid\u00e9e en cela par une association existante \u00ab\u00a0Pr\u00e9servons la for\u00eat des colettes\u00a0\u00bb, apparue lors d\u2019une lutte pr\u00e9c\u00e9dente contre l\u2019implantation d\u2019\u00e9oliennes. Des tractages sur les march\u00e9s et lors de manifestations, nous sommes en pleine lutte contre la \u00ab\u00a0r\u00e9forme\u00a0des retraites\u00a0\u00bb, des contacts sont pris avec d\u2019autres collectifs ou associations. Apr\u00e8s la manifestation de Sainte Soline, le 25 mars 2023, contre une m\u00e9ga-bassine, o\u00f9 la violence de l\u2019\u00c9tat a montr\u00e9 une facette de ces possibilit\u00e9s r\u00e9pressives, le gouvernement d\u00e9cide par la voix de son ministre de l\u2019int\u00e9rieur de dissoudre \u00ab\u00a0les soul\u00e8vements de la terre\u00a0(SLT)\u00a0\u00bb un des organisateurs de la manifestation. Dans la foul\u00e9e les soul\u00e8vements de la terre appellent \u00e0 la cr\u00e9ation de comit\u00e9s locaux.<\/p>\n<h2 class=\"spip\"><img loading=\"lazy\" decoding=\"async\" src=\"https:\/\/oclibertaire.lautre.net\/local\/cache-vignettes\/L520xH25\/952244f79c2fa034de2bdbbac1b64637-0c17a.png?1729585064\" alt=\"Premi\u00e8re rencontre avec les soul\u00e8vements de la terre. \" width=\"520\" height=\"25\" \/><\/h2>\n<p>En avril 2023, une demande nous est faite d\u2019organiser une journ\u00e9e informative, pour permettre une pr\u00e9sentation des diff\u00e9rentes luttes sur notre territoire, celle-ci provient des soul\u00e8vements de la terre 03 (SLT), en cr\u00e9ation. Lors de notre assembl\u00e9e g\u00e9n\u00e9rale, nous r\u00e9pondons positivement \u00e0 cette demande. Une salle est trouv\u00e9e moyennant la somme de 56 euros.<br class=\"autobr\" \/>Un mail d\u2019invitation pour cette journ\u00e9e nous parvient des SLT (futur 03), oh surprise\u00a0! Stop mines 03 organisateur, n\u2019apparait pas dans cette invitation. Suite \u00e0 notre interrogation, la pr\u00e9cipitation est invoqu\u00e9e comme excuse. Il nous est indiqu\u00e9 que la b\u00e9vue a \u00e9t\u00e9 rectifi\u00e9e. La journ\u00e9e ne sera pas comme ce qui \u00e9tait convenu, \u00e0 savoir une pr\u00e9sentation des luttes locales. Pour l\u2019occasion des repr\u00e9sentants des SLT national sont pr\u00e9sents. Toute la matin\u00e9e, se substituant \u00e0 ce qui \u00e9tait pr\u00e9vu, verra une communication avec power point, exclusivement dirig\u00e9e vers et par les SLT. L\u2019heure du repas partag\u00e9, nous montrera que le mot partage n\u2019a pas la m\u00eame signification pour tout le monde. <br class=\"autobr\" \/>En d\u00e9but d\u2019apr\u00e8s-midi, une pr\u00e9sentation des luttes sera autoris\u00e9e, assez rapide. S\u2019en suivra, un appel \u00e0 rejoindre le nouveau comit\u00e9 local des SLT 03, une poign\u00e9e de l\u2019assistance r\u00e9pondrons positivement. Quand une personne des pr\u00e9sents posera la question qui f\u00e2che, Pouvons-nous savoir comment fonctionne les SLT, d\u00e9cisions, organisation, etc \u00bb. En guise de r\u00e9ponse, une personne pr\u00e9sente se l\u00e8ve et indique, qu\u2019elle est incapable de prendre des d\u00e9cisions, mais par contre elle est pour l\u2019action et r\u00e9pondra favorablement au groupe d\u00e9cisionnaire et lance \u00e0 la cantonade, qui est pour l\u2019action ? L\u00e0 oh surprise ! une quinzaine de personnes se portent volontaire. Dans la foul\u00e9e, une autre personne se l\u00e8ve et invite \u00e0 la suivre pour la cr\u00e9ation du groupe d\u00e9cision et organisation, un peu plus d\u2019une demi-douzaine y r\u00e9pondrons favorablement. Je venais d\u2019assister, \u00e0 ce que certains appellent un retournement de situation, alors que cela est plus un retournement de cerveaux avec une volont\u00e9, non affich\u00e9e, de manipulation. Suite \u00e0 cet \u00e9pisode, je quittais la salle fort de cette hallucinante journ\u00e9e. L\u2019assembl\u00e9e g\u00e9n\u00e9rale de stop mines 03 suivante, sera l\u2019occasion de revenir sur cette journ\u00e9e m\u00e9morable et permettra pour certains de mettre en apparence le d\u00e9roul\u00e9 de cette rencontre.<\/p>\n<h2 class=\"spip\"><img loading=\"lazy\" decoding=\"async\" src=\"https:\/\/oclibertaire.lautre.net\/local\/cache-vignettes\/L156xH28\/60c0e6bf83fc6c18327d870cff2c6710-25327.png?1729585064\" alt=\"Second round \" width=\"156\" height=\"28\" \/><\/h2>\n<p>Les SLT 03 contact stop mines 03 pour participer \u00e0 \u00ab\u00a0luttes en r\u00e9sistance\u00a0\u00bb, avec table de documentations le dimanche, dans une commune du sud du d\u00e9partement. L\u2019AG se prononce pour la participation. Et l\u00e0 surprise\u00a0! (Encore, oui et ce ne sera pas la derni\u00e8re). Nous recevons l\u2019invitation et son programme, o\u00f9 est indiqu\u00e9, que stop mines 03 fera une conf\u00e9rence, le samedi, de trois heures sur la mine de lithium\u00a0?!<br class=\"autobr\" \/>Apr\u00e8s avoir proc\u00e9d\u00e9 \u00e0 une mise au point avec les SLT 03, en ce qui concerne les prises de d\u00e9cisions coll\u00e9giales de notre association et que notre autonomie est primordiale, apr\u00e8s acceptation de l\u2019AG, des membres se proposent d\u2019animer cette conf\u00e9rence. Qui par ailleurs sera tr\u00e8s appr\u00e9ci\u00e9e des participants.<br class=\"autobr\" \/>Nous sommes au mois d\u2019octobre 2023.<\/p>\n<h2 class=\"spip\"><img loading=\"lazy\" decoding=\"async\" src=\"https:\/\/oclibertaire.lautre.net\/local\/cache-vignettes\/L185xH28\/492865b142c124f1bbc3b429a5da7152-41bc3.png?1729585064\" alt=\"Dans la continuit\u00e9\" width=\"185\" height=\"28\" \/><\/h2>\n<p>Nouvelle sollicitation des SLT 03, cette fois dans le nord du d\u00e9partement. Sur le th\u00e8me \u00ab\u00a0R\u00e9union d\u2019information et de discussion sur la mine de lithium\u00a0\u00bb. <br class=\"autobr\" \/>A cette occasion, j\u2019apprendrais l\u2019existence d\u2019une liste t\u00e9l\u00e9gram, alors que nulle mention n\u2019en a \u00e9t\u00e9 faite lors de nos assembl\u00e9es, pourtant d\u00e9cisionnaires\u00a0? O\u00f9 des id\u00e9es en petit comit\u00e9 sont discut\u00e9es. <br class=\"autobr\" \/>Mais reprenons, le fil de ce long fleuve tranquille. Pour planter le d\u00e9cor, nous sommes en mars, avril 2024, la commission nationale du d\u00e9bat public (CNDP) a fait son apparition sur le territoire. Lors de notre AG, la d\u00e9cision de participer \u00e0 cette sollicitation est prise, sans que l\u2019existence de la liste t\u00e9l\u00e9gram ne soit annonc\u00e9e.<br class=\"autobr\" \/>Selon le compte rendu qui nous a \u00e9t\u00e9 fait et les informations par ailleurs que j\u2019ai glan\u00e9. Cette r\u00e9union ressemblait plus \u00e0 une mise en pratique des nouveaut\u00e9s manag\u00e9riales, avec petits groupes, pour plus de fluidit\u00e9, petits papiers de couleurs avec des interrogations, enfin la totale. Et pour ce qui est du non-dit (Liste t\u00e9l\u00e9gram\u00a0?!), les pr\u00e9misses de l\u2019\u00e9mergence d\u2019un collectif unificateur pointaient son nez.<br class=\"autobr\" \/>Par ailleurs, un communiqu\u00e9 de presse \u00e9mis par les SLT 03 annon\u00e7ant cette r\u00e9union, nous apprenais que stop mines 03 se questionnait sur le bienfond\u00e9 de cette mine, alors que depuis plus d\u2019un an, nous nous pr\u00e9sentions comme une association locale, contre cette mine, ni ici, ni ailleurs. Et par la suite, apr\u00e8s la divulgation par la CNDP de la localisation des deux autres sites, nous nous positionnons contre l\u2019ensemble du projet. Stop mines 03 se questionnant, mais de qui se moquait-on\u00a0!<br class=\"autobr\" \/>A l\u2019AG suivante, une remise en cause du fonctionnement de l\u2019association \u00e9tait pos\u00e9e, la d\u00e9cision coll\u00e9giale \u00e9tait sur la sellette, cause invoqu\u00e9e, le manque de r\u00e9activit\u00e9, certains sous influences (liste t\u00e9l\u00e9gram) confondant vitesse et pr\u00e9cipitation. La discussion qui s\u2019en suivit, allait conforter la continuation des d\u00e9cisions coll\u00e9giales et notre autonomie face \u00e0 l\u2019adversit\u00e9 ext\u00e9rieure. L\u2019AG se poursuivit sur l\u2019organisation de la journ\u00e9e du 25 mai 2024.<\/p>\n<div class=\"spip_document_10094 spip_document spip_documents spip_document_image spip_documents_center spip_document_center\">\n<figure class=\"spip_doc_inner\"><a class=\"spip_doc_lien mediabox lity-enabled hasbox\" href=\"https:\/\/oclibertaire.lautre.net\/IMG\/jpg\/lithium_danger.jpg\" data-box-type=\"image\"> <img loading=\"lazy\" decoding=\"async\" src=\"https:\/\/oclibertaire.lautre.net\/local\/cache-vignettes\/L520xH347\/lithium_danger-35a1e.jpg?1729585064\" alt=\"\" width=\"520\" height=\"347\" \/><\/a><\/figure>\n<\/div>\n<h2 class=\"spip\"><img loading=\"lazy\" decoding=\"async\" src=\"https:\/\/oclibertaire.lautre.net\/local\/cache-vignettes\/L222xH28\/34cc4c800823bcc95d1abbf8bc2cc276-a5de9.png?1729585064\" alt=\"La journ\u00e9e du 25 mai\" width=\"222\" height=\"28\" \/><\/h2>\n<p>Le 6 mai 2023, nous avions organis\u00e9 \u00e0 Echassi\u00e8res, une journ\u00e9e d\u2019informations et de rencontres qui avait accueilli entre 200 et 300 personnes.<br class=\"autobr\" \/>Nous avions d\u00e9cid\u00e9 cette fois, de r\u00e9unir plusieurs associations dans le but d\u2019un rapprochement des luttes en vue d\u2019une coordination future. Plusieurs avaient r\u00e9pondu positivement. La d\u00e9cision avait aussi \u00e9t\u00e9 prise de cr\u00e9er une affiche pour annoncer l\u2019\u00e9v\u00e8nement. Mais celle-ci prenait du retard. Et fatigue aidant, l\u2019affiche finale, ne faisait pas appara\u00eetre stop mines 03 comme organisateur de la journ\u00e9e, mais une multitude de logos laissant penser que tous \u00e9taient organisateurs, dont celui des SLT\u00a0?<br class=\"autobr\" \/>Le jour dit, la pr\u00e9sentation de tous les collectifs pr\u00e9sents, par manque de pr\u00e9paration, s\u2019est un peu \u00e9ternis\u00e9e, quand un membre de stop mines 03 a demand\u00e9 aux repr\u00e9sentants des SLT 03 s\u2019ils pouvaient \u00eatre bref, ils n\u2019ont pas appr\u00e9ci\u00e9. Effectivement leur prestation a \u00e9t\u00e9 br\u00e8ve, qui avait pour message et un peu r\u00e9sum\u00e9, comme nous \u00e9tions incapables de coordonn\u00e9es nos luttes, nous invitait le 7 juillet \u00e0 une rencontre entre diff\u00e9rents collectifs associatifs, syndicaux ou politiques \u00e0 la cr\u00e9ation d\u2019un collectif des collectifs pour leur permettre de palier \u00e0 notre incapacit\u00e9 de nous coordonner, en insistant sur l\u2019importance de cette rencontre, quasiment notre survie en d\u00e9pendait\u00a0!? Pendant leur intervention, \u00e0 aucun moment je ne les ai entendu se positionner contre la mine, nous comprendrons pourquoi avec leurs positionnements \u00e0 venir (Voir encadr\u00e9).<br class=\"autobr\" \/>Alors que depuis plus d\u2019un an et demi, dans nos actes et nos actions nous \u0153uvrons pour cette coordination. Quel m\u00e9pris\u00a0!<\/p>\n<h2 class=\"spip\"><img loading=\"lazy\" decoding=\"async\" src=\"https:\/\/oclibertaire.lautre.net\/local\/cache-vignettes\/L340xH28\/007fdfd6852b727de69cd2c43108ba73-8c6ee.png?1729585064\" alt=\"Le rendez-vous avec la pr\u00e9f\u00e8te \" width=\"340\" height=\"28\" \/><\/h2>\n<p>La CNDP tirant \u00e0 sa fin, o\u00f9 la pr\u00e9f\u00e8te a brill\u00e9 par son absence, mais tenant dans la presse locale un positionnement sans \u00e9quivoque sur le bienfond\u00e9 de ce projet, daigne dans sa grande mansu\u00e9tude et sans doute pour participer \u00e0 cette fameuse d\u00e9mocratie participative, tant vant\u00e9e, recevoir une d\u00e9l\u00e9gation de collectifs associatifs, syndicaux et politiques, en pr\u00e9fecture.<br class=\"autobr\" \/>Nous recevons des SLT 03 une proposition de visio, dont l\u2019int\u00e9r\u00eat serait de nous montrer dans nos meilleurs attraits et si possible avec des revendications communes, face \u00e0 l\u2019administration. Nous sommes fin juin, cette visio ne pourra se faire, trop tardive.<\/p>\n<h2 class=\"spip\"><img loading=\"lazy\" decoding=\"async\" src=\"https:\/\/oclibertaire.lautre.net\/local\/cache-vignettes\/L315xH28\/f3985e615f3d3cadbc02bb98c6f6884f-50ede.png?1729585064\" alt=\"Le 7 juillet 2024, jour fatidique \" width=\"315\" height=\"28\" \/><\/h2>\n<p>Le communiqu\u00e9 de SLT 03 sur la journ\u00e9e du 7 juillet, laisse \u00e0 penser que l\u2019id\u00e9e d\u2019un collectif des collectifs serait l\u2019\u00e9manation d\u2019une r\u00e9flexion collective (Revoil\u00e0 la fameuse liste t\u00e9l\u00e9gram) et aurait \u00e9t\u00e9 \u00e9voqu\u00e9e le 25 mai \u00e0 Echassi\u00e8res, que nenni, seule l\u2019\u00e9vocation fut \u00e9mise lors de l\u2019intervention des SLT 03 ce m\u00eame jour. Quand ses d\u00e9sirs rejoignent sa r\u00e9alit\u00e9, une confusion regrettable. Mais, voil\u00e0 la macronite est pass\u00e9e par l\u00e0. Dissolution de l\u2019assembl\u00e9e nationale oblige, les SLT 03 remettent \u00e0 la rentr\u00e9e la journ\u00e9e de cr\u00e9ation du collectif des collectifs. L\u2019urgence pour eux est de faire barrage au rassemblement national, ce qui est entendable, mais est-ce le parlementarisme qui nous sortira du rapport entre capitalisme et extr\u00eame droite\u00a0?<\/p>\n<h2 class=\"spip\"><img loading=\"lazy\" decoding=\"async\" src=\"https:\/\/oclibertaire.lautre.net\/local\/cache-vignettes\/L228xH28\/115f456bc75ec99ff2f791410d340e70-7a913.png?1729585064\" alt=\"Pour ne pas conclure\" width=\"228\" height=\"28\" \/><\/h2>\n<p>Alors oui, nous pouvons soulever des montagnes, mais je ne suis pas adepte du \u00ab\u00a0tous les moyens sont bons, pour atteindre le but\u00a0\u00bb. Je consid\u00e8re que les moyens sont plus importants que le but, qui par ailleurs peut se modifier. Ce concept porte en lui, nos ennuis d\u2019aujourd\u2019hui, mais aussi futurs. En effet, depuis des lustres, nous d\u00e9l\u00e9guons \u00e0 d\u2019autres les d\u00e9cisions sur nos vies. Ainsi, nous privil\u00e9gions les moyens au but. Alors que notre int\u00e9r\u00eat est celui adopt\u00e9 par stop mines 03, pour les prises de d\u00e9cisions. <br class=\"autobr\" \/>Certes les SLT ont les moyens de leurs ambitions, mais n\u2019oublions pas que tout cela repose sur des luttes locales existantes. Sans luttes pr\u00e9existantes pas de SLT. Si stop mines 03 est sollicit\u00e9 pour chaque intervention des SLT 03, ce n\u2019est pas par bont\u00e9, mais parce que le travail, d\u2019information, de communication, de coordination que nous d\u00e9ployons depuis maintenant presque deux ans, nous rendent visibles et pour le moment indissociable \u00e0 la contestation contre le projet d\u2019Im\u00e9rys, mais pour combien de temps\u00a0?<br class=\"autobr\" \/>Stop mines 03 est compos\u00e9 dans sa majorit\u00e9, par \u00ab\u00a0des gens de rien\u00a0\u00bb selon le vocable macroniste et pas seulement. Peu sont des militants et peu habitu\u00e9s aux arcanes des jeux politiciens. La derni\u00e8re proposition des SLT 03 pour la cr\u00e9ation d\u2019un collectif des collectifs participe de ces jeux de dupes. En effet, quand je d\u00e9couvre la liste des acteurs invit\u00e9s, je ne peux qu\u2019\u00eatre interloqu\u00e9. Pour ma part, je n\u2019ai jamais particip\u00e9 \u00e0 un front anti quelque chose, consid\u00e9rant que cela ne correspond qu\u2019au plus petit d\u00e9nominateur commun, autrement dit, au r\u00e9formisme qui g\u00e8re nos vies depuis des si\u00e8cles. Alors que l\u2019heure est plut\u00f4t \u00e0 renverser la table et non \u00e0 s\u2019y accouder.<br class=\"autobr\" \/>Mais revenons \u00e0 la cr\u00e9ation du collectif et \u00e0 l\u2019inventaire \u00e0 la Pr\u00e9vert des invit\u00e9s. Cela va des associations contre le projet \u00e0 celle contre une partie du projet ou encore pour un am\u00e9nagement de celui-ci. Des syndicats oppos\u00e9s et d\u2019autres se voulant cogestionnaires, un parti politique qui opte pour la nationalisation du projet, un autre parti que nous n\u2019avons jamais vu lors de nos manifestations. Des associations \u00e9cologistes \u00ab\u00a0radicales\u00a0\u00bb, un collectif qui ne met pas connu, un autre sp\u00e9cialis\u00e9 sur le rail. Mais que peut bien sortir de tout cela\u00a0?<br class=\"autobr\" \/>Apr\u00e8s l\u2019annonce par d\u00e9cret, \u00e9dit\u00e9 le 7 juillet 2024 au journal officiel, pour qualifier le \u00ab\u00a0Projet d\u2019int\u00e9r\u00eat national\u00a0\u00bb voir europ\u00e9en. Le but est effectivement de coordonn\u00e9es nos actions avec le plus grand nombre, mais pas par n\u2019importe quels moyens. Si coordination, il doit y avoir, ce ne peut \u00eatre qu\u2019avec le plus grand d\u00e9nominateur commun o\u00f9 les collectifs resteront autonomes et d\u00e9cisionnaires. La remise en cause doit \u00eatre globale et non pas parcellaire. L\u2019organisation actuelle de la soci\u00e9t\u00e9 est bas\u00e9e sur, une minorit\u00e9 d\u00e9cide et la majorit\u00e9 ex\u00e9cute, ce qui nous est propos\u00e9 avec le collectif des collectifs rappelle cette organisation. Le pr\u00e9texte invoqu\u00e9 \u00e9tant l\u2019efficacit\u00e9. Ne confondant pas efficacit\u00e9 et honn\u00eatet\u00e9. Ne reproduisons pas l\u2019organisation de la soci\u00e9t\u00e9 qui nous exploite et nous oppresse. Oui, la prise de d\u00e9cision collective est longue et fastidieuse, mais elle inaugure la soci\u00e9t\u00e9 que nous voulons, si d\u00e9l\u00e9gation il doit y avoir, ce ne peut \u00eatre que sur mandat imp\u00e9ratif ou seul le collectif reste d\u00e9cisionnaire.<\/p>\n<h2 class=\"spip\"><img loading=\"lazy\" decoding=\"async\" src=\"https:\/\/oclibertaire.lautre.net\/local\/cache-vignettes\/L180xH28\/dc203a5ce4cd520717cc708549f5c951-91dc5.png?1729585064\" alt=\"Derni\u00e8re minute :\" width=\"180\" height=\"28\" \/><\/h2>\n<p>La r\u00e9union pour la cr\u00e9ation d\u2019un collectif des collectifs, o\u00f9 deux dates \u00e9taient propos\u00e9es. Le 28 ao\u00fbt ou le 14 septembre, en AG nous avions opt\u00e9 pour le 14 septembre avec lecture d\u2019un texte sur notre positionnement \u00e9crit par certains d\u2019entre nous. Cette date nous permettait lors de notre AG du 4 septembre de nous pr\u00e9parer, ainsi que d\u2019approuver le texte, pour cette r\u00e9union.<br class=\"autobr\" \/>Mais la date choisit, suite au retour majoritaire de mails selon les SLT03, a \u00e9t\u00e9 le 28 ao\u00fbt, mettant \u00e0 mal notre option. Cette date, sans la remettre en cause quoi que, puisque aucun retour nous a \u00e9t\u00e9 fait de la diffusion des mails des diff\u00e9rentes parties prenantes, autre que le mail des SLT03 nous conviant le 28 ao\u00fbt. <br class=\"autobr\" \/>Suite aux d\u00e9boires cit\u00e9s ci-dessus, je suis un peu dubitatif, voir soup\u00e7onneux.<br class=\"autobr\" \/>Nous avons donc d\u00e9cid\u00e9 d\u2019envoyer un mail aux SLT03, pour les pr\u00e9venir de notre non-participation et s\u2019ils pouvaient nous envoyer le compte-rendu de la r\u00e9union. Encore une fois, cette fa\u00e7on de faire, \u00e0 poser probl\u00e8me entre nous, entre efficacit\u00e9 et honn\u00eatet\u00e9. <br class=\"autobr\" \/>Fin ao\u00fbt nous recevons le compte rendu de la r\u00e9union du 28 ao\u00fbt, ce que nous pouvons y lire, me laisse une nouvelle fois bouche b\u00e9e. Les pr\u00e9sents, une association clermontoise, un syndicat, trois partis politiques, quid des associations bourbonnaises contre les diff\u00e9rents sites du projet qui repr\u00e9sentent depuis le d\u00e9but l\u2019opposition\u00a0?<br class=\"autobr\" \/>Mais ce n\u2019est pas tout, je vous passe les lieux communs sur la prose de ce compte rendu, nous pouvons y lire en majuscules \u00ab\u00a0PAS DE MINE, NI ICI, NI AILLEURS\u00a0\u00bb serait la base commune inconditionnelle, pour rappel notre revendication est stop mines au pluriel, ni ici, ni ailleurs. Alors que le collectif des collectifs qui nous est propos\u00e9 est un conglom\u00e9rat de positions diff\u00e9rentes voire contradictoires.<br class=\"autobr\" \/>Mais il est \u00e9crit, alors que cette r\u00e9union \u00e9tait un premier contact, \u00ab\u00a0de faire connaitre l\u2019existence du nouveau collectif dans le milieu militant\u00a0\u00bb, quand est-il des locaux\u00a0? Notre lutte est ancr\u00e9e localement et l\u2019explication que nous en donnons passe par une vision globale, qui interroge la soci\u00e9t\u00e9 porteuse de ce projet. La remise en cause de cette mine va de paire avec la remise en cause de cette soci\u00e9t\u00e9 en recherche de toujours plus de profits au d\u00e9triment de nos vies.<br class=\"autobr\" \/>Les faits sont t\u00e9nus entre efficacit\u00e9 et honn\u00eatet\u00e9, je penche pour l\u2019honn\u00eatet\u00e9 pour plus d\u2019efficacit\u00e9, mais apparemment cela n\u2019est pas partag\u00e9 par tout le monde. La lutte continue\u00a0! <br class=\"autobr\" \/><i><br class=\"autobr\" \/>Degas septembre 2024<\/i><\/p>\n<div class=\"texte\">\n<p><strong>Note\u00a0:<\/strong><br class=\"autobr\" \/>1. Bourbonnaise et bourbonnais qui peuplent le d\u00e9partement de l\u2019Allier.<\/p>\n<blockquote class=\"spip\"><p>Ni ici, ni ailleurs<br class=\"autobr\" \/>Le cahier d\u2019acteur fait partie, en tant que participation \u00e0 la Commission Nationale du D\u00e9bat Public, (CNDP).<br class=\"autobr\" \/>Cahier d\u2019acteur des Soul\u00e8vement de La Terre (SLT 03)<br class=\"autobr\" \/>Conclusion\u00a0: <br class=\"autobr\" \/>Les Soul\u00e8vements de la Terre de l\u2019Allier ne peuvent souscrire \u00e0 ce projet qui ne justifie en rien r\u00e9pondre aux besoins de la transition \u00e9cologique. Il participe de la politique actuelle, en France et trop souvent ailleurs dans le monde, qui favorise les grands projets et les grands groupes, leur permettant de faire de grands b\u00e9n\u00e9ficies en causant de grands dommages. Il ne s\u2019agit donc pas d\u2019un enjeu de souverainet\u00e9. Ce qui a \u00e9t\u00e9 donn\u00e9 \u00e0 voir, c\u2019est un but financier, sur fond de transition \u00e9nerg\u00e9tique en faisant appel aux \u00e9l\u00e9ments de langage du GIEC, mais n\u2019\u00e9tant qu\u2019un projet de positionnement g\u00e9opolitique pour la France et financier pour une multinationale ayant besoin de satisfaire ses actionnaires.<br class=\"autobr\" \/>Alors que le cahier d\u2019acteur de stop mines 03, rejet\u00e9 par ailleurs par la CNDP, pr\u00e9textant une non-conformit\u00e9 \u00e0 la litt\u00e9rature attendue.<br class=\"autobr\" \/>Nous ne voulons pas sur le d\u00e9partement des 3 sites d\u2019Im\u00e9rys.<br class=\"autobr\" \/>Nous ne voulons pas de la mine avec son usine de concassage, son quai de chargement et son usine de raffinage.<br class=\"autobr\" \/>Mais pas seulement, nous n\u2019en voulons pas, (Suivi de 4 pages de)<br class=\"autobr\" \/>Ni Ici, Ni Ailleurs,<br class=\"autobr\" \/>En guise de conclusion\u00a0:<br class=\"autobr\" \/>Nous ne voulons pas de cette mine et du monde qui va avec\u00a0!<\/p><\/blockquote>\n<\/div>\n<div class=\"ps\">\n<h2>P.-S.<\/h2>\n<div class=\"\">\n<p>Consulter le site de Stop Mines 03 <a class=\"spip_out\" href=\"https:\/\/stopmines23.fr\/\" rel=\"external\">(https:\/\/stopmines23.fr\/<\/a>) et <a href=\"https:\/\/actualitedesluttes.info\/emission\/stop-mine-allier-et-ailleurs\">\u00e9couter l\u2019\u00e9mission de l\u2019actualit\u00e9 des luttes consacr\u00e9e \u00e0 cette lutte<\/a><\/p>\n<\/div>\n<\/div>\n<p><a id=\"forum\" href=\"https:\/\/oclibertaire.lautre.net\/spip.php?article4269#forum\" name=\"forum\"><\/a><\/p>\n<h2 class=\"forum-repondre\"><\/h2>\n<\/div>\n","protected":false},"excerpt":{"rendered":"<p>[pomp\u00e9 sur oclibertaire.lautre.net] Quand la terre se soul\u00e8ve, il est n\u00e9cessaire qu\u2019un travail souterrain se soit produit. Prenons l\u2019exemple de la cr\u00e9ation des montagnes, les plaques tectoniques participent, par leurs frottements et l\u2019interp\u00e9n\u00e9tration de l\u2019une sous l\u2019autre, au d\u00e9placement de &hellip; <a href=\"https:\/\/raslamine.noblogs.org\/?p=220\">Continuer la lecture <span class=\"meta-nav\">&rarr;<\/span><\/a><\/p>\n","protected":false},"author":19922,"featured_media":0,"comment_status":"closed","ping_status":"closed","sticky":false,"template":"","format":"standard","meta":{"footnotes":""},"categories":[15],"tags":[],"class_list":["post-220","post","type-post","status-publish","format-standard","hentry","category-allier"],"_links":{"self":[{"href":"https:\/\/raslamine.noblogs.org\/index.php?rest_route=\/wp\/v2\/posts\/220","targetHints":{"allow":["GET"]}}],"collection":[{"href":"https:\/\/raslamine.noblogs.org\/index.php?rest_route=\/wp\/v2\/posts"}],"about":[{"href":"https:\/\/raslamine.noblogs.org\/index.php?rest_route=\/wp\/v2\/types\/post"}],"author":[{"embeddable":true,"href":"https:\/\/raslamine.noblogs.org\/index.php?rest_route=\/wp\/v2\/users\/19922"}],"replies":[{"embeddable":true,"href":"https:\/\/raslamine.noblogs.org\/index.php?rest_route=%2Fwp%2Fv2%2Fcomments&post=220"}],"version-history":[{"count":1,"href":"https:\/\/raslamine.noblogs.org\/index.php?rest_route=\/wp\/v2\/posts\/220\/revisions"}],"predecessor-version":[{"id":221,"href":"https:\/\/raslamine.noblogs.org\/index.php?rest_route=\/wp\/v2\/posts\/220\/revisions\/221"}],"wp:attachment":[{"href":"https:\/\/raslamine.noblogs.org\/index.php?rest_route=%2Fwp%2Fv2%2Fmedia&parent=220"}],"wp:term":[{"taxonomy":"category","embeddable":true,"href":"https:\/\/raslamine.noblogs.org\/index.php?rest_route=%2Fwp%2Fv2%2Fcategories&post=220"},{"taxonomy":"post_tag","embeddable":true,"href":"https:\/\/raslamine.noblogs.org\/index.php?rest_route=%2Fwp%2Fv2%2Ftags&post=220"}],"curies":[{"name":"wp","href":"https:\/\/api.w.org\/{rel}","templated":true}]}}