{"id":1495,"date":"2026-04-29T17:05:18","date_gmt":"2026-04-29T15:05:18","guid":{"rendered":"https:\/\/raslamine.noblogs.org\/?p=1495"},"modified":"2026-04-28T18:59:17","modified_gmt":"2026-04-28T16:59:17","slug":"au-bresil-la-vallee-du-lithium-ne-tient-pas-ses-promesses-de-sortir-des-habitants-de-la-pauvrete","status":"publish","type":"post","link":"https:\/\/raslamine.noblogs.org\/?p=1495","title":{"rendered":"Au Br\u00e9sil, la \u00ab vall\u00e9e du lithium \u00bb ne tient pas ses promesses de sortir des habitants de la pauvret\u00e9"},"content":{"rendered":"<p>[pomp\u00e9 sur <a href=\"https:\/\/www.lemonde.fr\/economie\/article\/2026\/04\/21\/au-bresil-la-vallee-du-lithium-ne-tient-pas-ses-promesses-de-sortir-des-habitants-de-la-pauvrete_6681997_3234.html\">lemonde<\/a>]<\/p>\n<p><span class=\"ds-chapo\"><strong>L\u2019exploitation de l\u2019or blanc devait transformer le nord du Minas Gerais. Deux ans apr\u00e8s, citoyens et \u00e9lus constatent que les b\u00e9n\u00e9fices tardent \u00e0 se mat\u00e9rialiser, tandis que les nuisances s\u2019installent : pollution, hausse des loyers, fissures dans les maisons.<\/strong><\/span><\/p>\n<section class=\"article__wrapper js-article-wrapper article__wrapper--premium\">\n<div class=\"article__content\">\n<figure class=\"image-container node_image image-large image-center\" role=\"figure\" aria-label=\"Des fissures sont visibles sur les murs d\u2019une maison situ\u00e9e pr\u00e8s d\u2019un site d\u2019extraction de lithium, dans la vall\u00e9e de Jequitinhonha, au Br\u00e9sil, le 29\u00a0mai 2025. REBECA BINDA\">\n<div class=\"image\"><a role=\"button\" aria-label=\"Agrandir l\u2019illustration Des fissures sont visibles sur les murs d\u2019une maison situ\u00e9e pr\u00e8s d\u2019un site d\u2019extraction de lithium, dans la vall\u00e9e de Jequitinhonha, au Br\u00e9sil, le 29\u00a0mai 2025. REBECA BINDA\"><img decoding=\"async\" class=\"with-dark-mask\" src=\"https:\/\/img.lemde.fr\/2026\/04\/20\/0\/0\/7952\/5301\/1920\/1279\/60\/0\/784b121_upload-1-1pdoz83vgaww-image-09-rebeca-binda-poc-odantas-9.jpg\" alt=\"Des fissures sont visibles sur les murs d\u2019une maison situ\u00e9e pr\u00e8s d\u2019un site d\u2019extraction de lithium, dans la vall\u00e9e de Jequitinhonha, au Br\u00e9sil, le 29\u00a0mai 2025.\" \/><\/a><\/div><figcaption class=\"caption\">Des fissures sont visibles sur les murs d\u2019une maison situ\u00e9e pr\u00e8s d\u2019un site d\u2019extraction de lithium, dans la vall\u00e9e de Jequitinhonha, au Br\u00e9sil, le 29 mai 2025. REBECA BINDA<\/figcaption><\/figure>\n<\/div>\n<\/section>\n<p id=\"node_1\" class=\"article__paragraph\" data-read-progression=\"0\">Tandis qu\u2019elle pr\u00e9pare le d\u00e9jeuner dans de grandes casseroles, Cleonice Patricia, retrait\u00e9e de 56\u00a0ans, parcourt du regard les fissures qui l\u00e9zardent les murs de la cuisine de sa petite maison en argile.<em> \u00ab\u00a0Elle va s\u2019effondrer\u00a0\u00bb<\/em>, r\u00e9p\u00e8te d\u2019un air r\u00e9sign\u00e9 la quinquag\u00e9naire en ce d\u00e9but du mois de janvier. Elle habite Piaui Po\u00e7o Dantas, un petit village o\u00f9 vivent environ 80 familles, dans la vall\u00e9e du Jequitinhonha, dans l\u2019Etat du Minas Gerais, dans l\u2019est du Br\u00e9sil.<\/p>\n<p id=\"node_2\" class=\"article__paragraph\" data-read-progression=\"5\">Comme de nombreux voisins, elle accuse les explosions de la mine de lithium \u00e0 ciel ouvert, exploit\u00e9e par l\u2019entreprise canadienne Sigma Lithium, \u00e0 environ 1 kilom\u00e8tre de chez elle, entre les municipalit\u00e9s d\u2019Itinga et d\u2019Ara\u00e7uai, d\u2019\u00eatre \u00e0 l\u2019origine des dommages sur sa maison et de soulever des nuages de poussi\u00e8re. Son\u00a0vieux chiffon effiloch\u00e9, qu\u2019elle porte sur l\u2019\u00e9paule, ne la quitte plus. <em>\u00ab\u00a0Il faut le passer tout le temps\u00a0!\u00a0\u00bb<\/em>, souffle-t-elle.<\/p>\n<p id=\"node_3\" class=\"article__paragraph\" data-read-progression=\"9\">Pourtant, lorsque Sigma a commenc\u00e9 ses op\u00e9rations dans la r\u00e9gion, en\u00a02023, les habitants de Piaui Po\u00e7o Dantas, pour la plupart des mineurs artisanaux, \u00e9taient remplis d\u2019espoir. Romeu Zema, gouverneur du Minas Gerais depuis 2018, avait promis que l\u2019exploitation du m\u00e9tal mondialement convoit\u00e9 pour la fabrication de batteries \u00e9lectriques permettrait \u00e0 cette r\u00e9gion d\u00e9favoris\u00e9e, qui, d\u2019apr\u00e8s le\u00a0Service g\u00e9ologique des Etats-Unis, concentre environ 85\u00a0% des r\u00e9serves de lithium du Br\u00e9sil, de se d\u00e9faire du surnom de \u00ab\u00a0vall\u00e9e de la mis\u00e8re\u00a0\u00bb.<\/p>\n<p id=\"node_4\" class=\"article__paragraph\" data-read-progression=\"13\"><em>\u00ab\u00a0Nous voulons que Jequitinhonha se transforme en vall\u00e9e de la technologie pour la production de batteries et d\u2019autres produits \u00e0 forte valeur ajout\u00e9e\u00a0\u00bb<\/em>, avait d\u00e9clar\u00e9 le gouverneur, en mai\u00a02023, au si\u00e8ge du Nasdaq, \u00e0 New York, lors du lancement du projet <em>\u00ab<\/em>\u00a0Vall\u00e9e du lithium\u00a0\u00bb. Ce vaste programme vise \u00e0 encourager l\u2019installation de multinationales mini\u00e8res dans l\u2019Etat, gr\u00e2ce \u00e0 des incitations fiscales, \u00e0 un acc\u00e8s facilit\u00e9 au cr\u00e9dit et \u00e0 un soutien \u00e0 la recherche.<\/p>\n<h2 id=\"node_5\" class=\"article__sub-title\" data-read-progression=\"17\">Sigma \u00ab\u00a0n\u2019a rien apport\u00e9 de bon\u00a0\u00bb<\/h2>\n<p class=\"article__paragraph\" data-read-progression=\"18\">Mais deux ans apr\u00e8s l\u2019arriv\u00e9e de Sigma, qui concentre d\u00e9sormais 70\u00a0% de\u00a0la production du lithium du pays, l\u2019heure est \u00e0 la d\u00e9ception. Malgr\u00e9 une augmentation de 71\u00a0% de la production de lithium (sous forme de concentr\u00e9 de spodum\u00e8ne) entre 2023 et 2024, selon les chiffres de l\u2019Agence nationale des mines, et la cr\u00e9ation de 3\u00a0900 emplois directs, la r\u00e9gion reste pauvre. Le Br\u00e9sil p\u00e8se aujourd\u2019hui 10\u00a0% de la production mondiale de lithium, mais <em>\u00ab\u00a0le d\u00e9veloppement technologique est tr\u00e8s limit\u00e9, car ce qui est produit est principalement un produit brut destin\u00e9 \u00e0 l\u2019exportation\u00a0\u00bb<\/em>, constate Aline Fa\u00e9 Stocco, \u00e9conomiste \u00e0 l\u2019universit\u00e9 f\u00e9d\u00e9rale des vall\u00e9es du Jequitinhonha et du Mucuri, \u00e9galement chercheuse au sein de Liquit : Vozes dos Territorios, qui \u00e9tudie l\u2019impact de l\u2019extraction du m\u00e9tal dans la vall\u00e9e. De fait, en\u00a02024, la quasi-totalit\u00e9 des 944\u00a0114 tonnes de concentr\u00e9 de spodum\u00e8ne produites au Br\u00e9sil a \u00e9t\u00e9 destin\u00e9e \u00e0 la Chine.<\/p>\n<figure class=\"image-container node_image image-large image-center\" role=\"figure\" aria-label=\"Un site d\u2019extraction de lithium \u00e0 ciel ouvert, dans la vall\u00e9e de Jequitinhonha, dans l\u2019Etat du Minas Gerais, au Br\u00e9sil, le 27\u00a0septembre 2024. REBECA BINDA\">\n<div class=\"image\"><a role=\"button\" aria-label=\"Agrandir l\u2019illustration Un site d\u2019extraction de lithium \u00e0 ciel ouvert, dans la vall\u00e9e de Jequitinhonha, dans l\u2019Etat du Minas Gerais, au Br\u00e9sil, le 27\u00a0septembre 2024. REBECA BINDA\"><img decoding=\"async\" class=\"with-dark-mask\" src=\"https:\/\/img.lemde.fr\/2026\/04\/20\/0\/0\/2387\/1590\/1920\/1278\/60\/0\/b0fad1f_upload-1-2wlshksx2ucd-image-03-rebeca-binda-poc-odantas-3.jpg\" alt=\"Un site d\u2019extraction de lithium \u00e0 ciel ouvert, dans la vall\u00e9e de Jequitinhonha, dans l\u2019Etat du Minas Gerais, au Br\u00e9sil, le 27\u00a0septembre 2024.\" \/><\/a><\/div><figcaption class=\"caption\">Un site d\u2019extraction de lithium \u00e0 ciel ouvert, dans la vall\u00e9e de Jequitinhonha, dans l\u2019Etat du Minas Gerais, au Br\u00e9sil, le 27\u00a0septembre 2024. REBECA BINDA<\/figcaption><\/figure>\n<p id=\"node_8\" class=\"article__paragraph\" data-read-progression=\"26\">Les entreprises mini\u00e8res n\u2019am\u00e9liorent ainsi que marginalement la qualit\u00e9 des emplois locaux. <em>\u00ab\u00a0Les activit\u00e9s mini\u00e8res parviennent surtout \u00e0 attirer des services qui y sont li\u00e9s, ou une diversification du commerce pour r\u00e9pondre \u00e0 l\u2019augmentation de la population due \u00e0 l\u2019arriv\u00e9e des employ\u00e9s des entreprises.\u00a0\u00bb<\/em> Aux yeux de la chercheuse, la ru\u00e9e vers l\u2019or blanc ne fait que reproduire <em>\u00ab\u00a0le m\u00eame mod\u00e8le des projets historiques de d\u00e9veloppement de la r\u00e9gion\u00a0\u00bb<\/em>, marqu\u00e9e par l\u2019exploitation de mati\u00e8res premi\u00e8res telles que l\u2019or, le diamant ou de l\u2019eucalyptus, sans que cela lui permette de sortir de la pauvret\u00e9.<\/p>\n<div class=\"see-also-container\">\n<div class=\"prefix\">Lire aussi<\/div>\n<div class=\"link-container\">\n<p><a class=\"link logo-premium\">\u00ab\u00a0Tout n\u2019est pas possible au nom du lithium\u00a0\u00bb\u00a0: dans des villages d\u2019Alsace, des habitants inquiets de voir la terre trembler<\/a><\/p>\n<div class=\"favorites icon--bookmark\" role=\"button\" data-favorites-id=\"3464658\"><\/div>\n<\/div>\n<\/div>\n<p id=\"node_10\" class=\"article__paragraph\" data-read-progression=\"32\">Pour Elias Jardim Nunes, 53\u00a0ans, habitant de Piaui Po\u00e7o Dantas, Sigma <em>\u00ab\u00a0n\u2019a rien apport\u00e9 de bon\u00a0\u00bb<\/em>. Assis sur un banc, cet homme fatigu\u00e9 contemple avec d\u00e9pit une montagne de pierres d\u2019une quarantaine de m\u00e8tres de hauteur, au bord du fleuve Piaui, \u00e0 une centaine de m\u00e8tres de son domicile et de l\u2019\u00e9cole du village. Autrefois, la zone, qui appartenait \u00e0 un exploitant agricole, \u00e9tait couverte de cocotiers et de maisons anciennes. Mais \u00e0 la suite de la vente du terrain \u00e0 Sigma par l\u2019exploitant agricole, la multinationale l\u2019a converti en espace de stockage de mat\u00e9riaux rocheux et de r\u00e9sidus issus de la mine. <em>\u00ab\u00a0J\u2019ai peur qu\u2019elle <\/em>[la pile de d\u00e9chets] <em>tombe dans le fleuve\u00a0\u00bb<\/em>, s\u2019inqui\u00e8te Elias Jardim Nunes, qui s\u2019y baigne.<\/p>\n<p id=\"node_11\" class=\"article__paragraph\" data-read-progression=\"39\">Face aux bouleversements provoqu\u00e9s par le lithium, de nombreux habitants de Piaui Po\u00e7o Dantas souhaitent d\u00e9m\u00e9nager dans le centre de la ville d\u2019Ara\u00e7uai, \u00e0 une demi-heure de route. Mais, sans soutien, cela leur est impossible. <em>\u00ab\u00a0Je ne suis pas encore parti pour des raisons financi\u00e8res\u00a0\u00bb<\/em>, explique Jos\u00e9 Uelton Gomes, 25\u00a0ans, qui ne per\u00e7oit qu\u2019une simple pension d\u2019invalidit\u00e9 de 1\u00a0621 reais (environ 270\u00a0euros), \u00e0 la suite d\u2019un accident cardio-vasculaire. Face \u00e0 l\u2019arriv\u00e9e massive d\u2019employ\u00e9s des entreprises mini\u00e8res, <em>\u00ab\u00a0le loyer a fortement augment\u00e9\u00a0\u00bb<\/em>, se plaint ce jeune homme maigre. <em>\u00ab\u00a0Avant, je trouvais des loyers \u00e0 300 reais. Maintenant, le moins cher est \u00e0 1\u00a0500 reais\u00a0!\u00a0\u00bb<\/em><\/p>\n<h2 id=\"node_12\" class=\"article__sub-title\" data-read-progression=\"45\">\u00ab\u00a0Seule option\u00a0\u00bb pour d\u00e9velopper la r\u00e9gion<\/h2>\n<p id=\"node_13\" class=\"article__paragraph\" data-read-progression=\"45\">De son bureau, dans le centre de Ara\u00e7uai, le maire, Tadeu Barbosa, du Parti social d\u00e9mocratique (centre), reconna\u00eet que l\u2019exploitation du m\u00e9tal n\u2019a pas encore apport\u00e9 les b\u00e9n\u00e9fices tant attendus, alors que Sigma avait suscit\u00e9 un <em>\u00ab\u00a0grand espoir de d\u00e9veloppement\u00a0\u00bb<\/em>, regrette-t-il. Les royalties collect\u00e9es par la municipalit\u00e9 se sont m\u00eame effondr\u00e9es\u00a0: alors qu\u2019elles avaient d\u00e9pass\u00e9 6\u00a0millions de reais en\u00a02023 et 2024, la mairie n\u2019a rien obtenu en\u00a02025.<\/p>\n<p id=\"node_14\" class=\"article__paragraph\" data-read-progression=\"49\">L\u2019\u00e9dile attribue cette baisse aux <em>\u00ab\u00a0difficult\u00e9s financi\u00e8res\u00a0\u00bb<\/em> rencontr\u00e9es par Sigma, en raison de la chute du prix du lithium li\u00e9e \u00e0 une surproduction mondiale. Il reste n\u00e9anmoins convaincu que le filon de l\u2019or blanc demeure <em>\u00ab\u00a0la voie\u00a0\u00bb<\/em> pour d\u00e9velopper la r\u00e9gion. <em>\u00ab\u00a0C\u2019est la seule option que nous avons\u00a0\u00bb<\/em>, assure-t-il, certain que l\u2019arriv\u00e9e de nouvelles entreprises permettra d\u2019augmenter les b\u00e9n\u00e9fices pour la municipalit\u00e9. Selon un rapport de l\u2019International Lithium Association, publi\u00e9 en mars\u00a02025, la demande en lithium devrait tripler d\u2019ici \u00e0 2040. Dans la vall\u00e9e du Jequitinhonha, la multinationale am\u00e9ricaine Atlas Lithium et la filiale br\u00e9silienne de la soci\u00e9t\u00e9 mini\u00e8re canadienne Lithium Ionic, MGLit, m\u00e8nent des prospections en vue d\u2019exploiter le m\u00e9tal. L\u2019entreprise australienne Latin Resources et la chinoise BYD ont \u00e9galement acquis des terrains dans la r\u00e9gion.<\/p>\n<p id=\"node_15\" class=\"article__paragraph\" data-read-progression=\"57\">Le maire esp\u00e8re aussi accueillir des entreprises europ\u00e9ennes. Le 16\u00a0janvier, Ursula von der Leyen, pr\u00e9sidente de la Commission europ\u00e9enne, a d\u00e9clar\u00e9, lors d\u2019une visite \u00e0 Rio, \u00eatre en train de n\u00e9gocier un <em>\u00ab\u00a0accord politique tr\u00e8s important\u00a0\u00bb<\/em> avec le Br\u00e9sil visant des investissements conjoints dans le lithium, le nickel et les terres rares, dont le pays d\u00e9tient 23\u00a0% des r\u00e9serves mondiales. <em>\u00ab\u00a0Cela est essentiel pour notre transition num\u00e9rique et \u00e9cologique, ainsi que pour notre ind\u00e9pendance strat\u00e9gique dans un monde o\u00f9 les minerais tendent \u00e0 devenir un instrument de coercition\u00a0\u00bb<\/em>, a-t-elle d\u00e9clar\u00e9. <a>Elle faisait r\u00e9f\u00e9rence aux menaces du pr\u00e9sident am\u00e9ricain, Donald Trump, d\u2019annexer le Groenland pour s\u2019approprier les gisements de terres rares<\/a>, afin de r\u00e9duire la d\u00e9pendance des Etats-Unis vis-\u00e0-vis de la Chine en la mati\u00e8re.<\/p>\n<figure class=\"image-container node_image image-large image-center\" role=\"figure\" aria-label=\"Terril de r\u00e9sidus miniers de la mine de Sigma Lithium, dans la vall\u00e9e de Jequitinhonha, dans le Minas Gerais, au Br\u00e9sil, le 29\u00a0mai 2025. REBECA BINDA\">\n<div class=\"image\"><a role=\"button\" aria-label=\"Agrandir l\u2019illustration Terril de r\u00e9sidus miniers de la mine de Sigma Lithium, dans la vall\u00e9e de Jequitinhonha, dans le Minas Gerais, au Br\u00e9sil, le 29\u00a0mai 2025. REBECA BINDA\"><img decoding=\"async\" class=\"with-dark-mask\" src=\"https:\/\/img.lemde.fr\/2026\/04\/20\/0\/0\/5402\/3599\/1920\/1279\/60\/0\/db61689_upload-1-yfwv3ck1tc5l-image-06-rebeca-binda-poc-odantas-6.jpg\" alt=\"Terril de r\u00e9sidus miniers de la mine de Sigma Lithium, dans la vall\u00e9e de Jequitinhonha, dans le Minas Gerais, au Br\u00e9sil, le 29\u00a0mai 2025.\" \/><\/a><\/div><figcaption class=\"caption\">Terril de r\u00e9sidus miniers de la mine de Sigma Lithium, dans la vall\u00e9e de Jequitinhonha, dans le Minas Gerais, au Br\u00e9sil, le 29\u00a0mai 2025. REBECA BINDA<\/figcaption><\/figure>\n<p id=\"node_17\" class=\"article__paragraph\" data-read-progression=\"65\">A Ara\u00e7uai, une mesure pol\u00e9mique devrait par ailleurs faciliter l\u2019installation des nouveaux arrivants. Le 5\u00a0mai\u00a02025, les conseillers municipaux ont r\u00e9duit de moiti\u00e9 une zone environnementale prot\u00e9g\u00e9e dans la r\u00e9gion Chapada do Lagoao, travers\u00e9e par les \u00e9cosyst\u00e8mes de caatinga et de cerrado, la faisant passer de 24\u00a0000\u00a0hectares\u00a0\u00e0 10\u00a0000 hectares. Les entreprises souhaitant exploiter cette r\u00e9gion marqu\u00e9e par de vastes lacs et de fins arbustes rencontreront ainsi moins de contraintes.<\/p>\n<h2 id=\"node_18\" class=\"article__sub-title\" data-read-progression=\"69\">Alerter les familles de paysans<\/h2>\n<p id=\"node_19\" class=\"article__paragraph\" data-read-progression=\"69\">Inquiet, l\u2019\u00e9v\u00eaque d\u2019Ara\u00e7uai, Dom Geraldo Maia, s\u2019est donn\u00e9 pour mission d\u2019alerter les quelque 390 familles de paysans, afrodescendants et\u00a0indig\u00e8nes de la r\u00e9gion sur les risques des activit\u00e9s mini\u00e8res. <em>\u00ab\u00a0L\u2019entreprise m\u00e8ne une forte campagne publicitaire qui parle du \u201clithium vert\u201d, comme si cela ne causait pas de probl\u00e8mes environnementaux ni aux populations\u00a0\u00bb<\/em>, d\u00e9nonce l\u2019\u00e9v\u00eaque.<\/p>\n<div class=\"see-also-container\">\n<div class=\"prefix\">Lire aussi (2024)<\/div>\n<div class=\"link-container\">\n<p><a class=\"link logo-premium\">Derri\u00e8re l\u2019extraction des m\u00e9taux pour d\u00e9velopper les \u00e9nergies \u00ab\u00a0vertes\u00a0\u00bb, un immense co\u00fbt \u00e9cologique \u00e0 ma\u00eetriser<\/a><\/p>\n<div class=\"favorites icon--bookmark\" role=\"button\" data-favorites-id=\"3362783\"><\/div>\n<\/div>\n<\/div>\n<p id=\"node_21\" class=\"article__paragraph\" data-read-progression=\"73\">Sur son site, Sigma vend son produit comme du <em>\u00ab\u00a0lithium de haute puret\u00e9, vert et durable, d\u2019origine responsable\u00a0\u00bb<\/em>. N\u00e9anmoins, le 9\u00a0septembre\u00a02025, le minist\u00e8re public f\u00e9d\u00e9ral a recommand\u00e9 au minist\u00e8re des mines et de l\u2019\u00e9nergie de suspendre les autorisations d\u2019extraction \u00e0 Ara\u00e7uai, soulignant notamment de <em>\u00ab\u00a0s\u00e9rieuses pr\u00e9occupations\u00a0\u00bb<\/em> concernant l\u2019<em>\u00ab\u00a0abaissement du niveau d\u2019eau\u00a0\u00bb<\/em> du fleuve Piaui, utilis\u00e9 pour le traitement physique du lithium par la mine. Contact\u00e9 par <em>Le Monde<\/em>, le 5\u00a0f\u00e9vrier, Sigma n\u2019a pas r\u00e9pondu aux questions concernant ses impacts sociaux et environnementaux.<\/p>\n<p id=\"node_22\" class=\"article__paragraph\" data-read-progression=\"78\">Le 4\u00a0octobre\u00a02025, l\u2019\u00e9v\u00each\u00e9 a organis\u00e9 une visite \u00e0 Piaui Po\u00e7o Dantas\u00a0pour que des habitants de la communaut\u00e9 afrodescendante de Santa Rita de Cassia, install\u00e9s dans la Chapada do Lagoao, constatent les effets de la mine de leurs propres yeux. <em>\u00ab\u00a0Beaucoup de personnes <\/em>[favorables \u00e0 l\u2019arriv\u00e9e des entreprises de lithium]<em> ont chang\u00e9 d\u2019avis quand ils ont vu ce qui arrivait l\u00e0-bas\u00a0\u00bb<\/em>, assure Antonio Gomes Santos, 76\u00a0ans, agriculteur cultivant des ananas, qui a particip\u00e9 \u00e0 la visite. <em>\u00ab\u00a0Je ne veux rien de tout \u00e7a pr\u00e8s de moi\u00a0!\u00a0\u00bb<\/em>, lance \u00e9galement Simae Gon\u00e7alves, femme au visage osseux de 59\u00a0ans, qui habite une maison bord\u00e9e de rosiers. <em>\u00ab\u00a0Je ne supporterai pas tout ce bruit ni cette pollution\u00a0\u00bb<\/em>, assure-t-elle.<\/p>\n<p id=\"node_23\" class=\"article__paragraph\" data-read-progression=\"85\">A une demi-heure de route de l\u00e0, une dizaine de familles des peuples indig\u00e8nes Pankararu et Pataxo sont pr\u00eates \u00e0 tout pour refuser que le propri\u00e9taire de la ferme voisine ne la vende \u00e0 Sigma. <em>\u00ab\u00a0Ce n\u2019est pas possible de vivre avec une entreprise l\u00e0, juste \u00e0 c\u00f4t\u00e9, avec cette pollution\u00a0!\u00a0\u00bb<\/em>, s\u2019inqui\u00e8te Cleonice Maria da Silva, 60\u00a0ans, une des leaders du village, qui a occup\u00e9 la ferme, le 27\u00a0juillet, pour manifester son opposition \u00e0 l\u2019achat.<\/p>\n<p id=\"node_24\" class=\"article__paragraph\" data-read-progression=\"89\">Cette femme d\u00e9termin\u00e9e, coiff\u00e9e d\u2019une tresse noire sur le c\u00f4t\u00e9, s\u2019est install\u00e9e \u00e0 Ara\u00e7uai en\u00a02006, apr\u00e8s de longues ann\u00e9es pass\u00e9es \u00e0 migrer de village en village en qu\u00eate d\u2019une terre. Son peuple, les Pankararu, est originaire du Nordeste, au Br\u00e9sil. Mais pendant la dictature militaire (1964-1985), son grand-p\u00e8re a \u00e9t\u00e9 incarc\u00e9r\u00e9, comme beaucoup d\u2019indig\u00e8nes, dans un centre de d\u00e9tention cr\u00e9\u00e9 par le r\u00e9gime dans le Minas Gerais, pour les <em>\u00ab\u00a0discipliner\u00a0\u00bb<\/em>. La m\u00e8re de Cleonice Maria da Silva a alors entam\u00e9 une longue qu\u00eate pour le retrouver, au terme de laquelle sa famille s\u2019est unie avec le peuple Pataxo, d\u00e9cidant finalement de rester dans la r\u00e9gion.<\/p>\n<div class=\"see-also-container\">\n<div class=\"prefix\">Lire aussi le reportage<\/div>\n<div class=\"link-container\">\n<p><a class=\"link logo-premium\">Dans l\u2019immense salar d\u2019Uyuni, le grand \u00ab\u00a0g\u00e2chis\u00a0\u00bb du lithium bolivien<\/a><\/p>\n<div class=\"favorites icon--bookmark\" role=\"button\" data-favorites-id=\"3434411\"><\/div>\n<\/div>\n<\/div>\n<p id=\"node_26\" class=\"article__paragraph\" data-read-progression=\"95\"><em>\u00ab\u00a0Quand nous sommes arriv\u00e9s ici, il n\u2019y avait pas d\u2019arbres, seulement des pierres, tout \u00e9tait sec\u00a0\u00bb<\/em>, se souvient Cleonice Maria da Silva. Ce n\u2019est qu\u2019apr\u00e8s beaucoup d\u2019efforts et de longues ann\u00e9es de patience que le village a enfin pu retrouver arbustes fruitiers et plantes urticantes n\u00e9cessaires \u00e0 l\u2019alimentation, \u00e0 la m\u00e9decine, aux rituels et \u00e0 la confection d\u2019artisanat. Si une mine s\u2019installe ici, <em>\u00ab\u00a0pour nous, ce sera fini\u00a0\u00bb<\/em>, souffle la leader indig\u00e8ne, esp\u00e9rant ne pas devoir, encore une fois, reprendre la route.<\/p>\n","protected":false},"excerpt":{"rendered":"<p>[pomp\u00e9 sur lemonde] L\u2019exploitation de l\u2019or blanc devait transformer le nord du Minas Gerais. Deux ans apr\u00e8s, citoyens et \u00e9lus constatent que les b\u00e9n\u00e9fices tardent \u00e0 se mat\u00e9rialiser, tandis que les nuisances s\u2019installent : pollution, hausse des loyers, fissures dans &hellip; <a href=\"https:\/\/raslamine.noblogs.org\/?p=1495\">Continuer la lecture <span class=\"meta-nav\">&rarr;<\/span><\/a><\/p>\n","protected":false},"author":19922,"featured_media":0,"comment_status":"closed","ping_status":"closed","sticky":false,"template":"","format":"standard","meta":{"footnotes":""},"categories":[24],"tags":[],"class_list":["post-1495","post","type-post","status-publish","format-standard","hentry","category-luttes-internationales"],"_links":{"self":[{"href":"https:\/\/raslamine.noblogs.org\/index.php?rest_route=\/wp\/v2\/posts\/1495","targetHints":{"allow":["GET"]}}],"collection":[{"href":"https:\/\/raslamine.noblogs.org\/index.php?rest_route=\/wp\/v2\/posts"}],"about":[{"href":"https:\/\/raslamine.noblogs.org\/index.php?rest_route=\/wp\/v2\/types\/post"}],"author":[{"embeddable":true,"href":"https:\/\/raslamine.noblogs.org\/index.php?rest_route=\/wp\/v2\/users\/19922"}],"replies":[{"embeddable":true,"href":"https:\/\/raslamine.noblogs.org\/index.php?rest_route=%2Fwp%2Fv2%2Fcomments&post=1495"}],"version-history":[{"count":2,"href":"https:\/\/raslamine.noblogs.org\/index.php?rest_route=\/wp\/v2\/posts\/1495\/revisions"}],"predecessor-version":[{"id":1497,"href":"https:\/\/raslamine.noblogs.org\/index.php?rest_route=\/wp\/v2\/posts\/1495\/revisions\/1497"}],"wp:attachment":[{"href":"https:\/\/raslamine.noblogs.org\/index.php?rest_route=%2Fwp%2Fv2%2Fmedia&parent=1495"}],"wp:term":[{"taxonomy":"category","embeddable":true,"href":"https:\/\/raslamine.noblogs.org\/index.php?rest_route=%2Fwp%2Fv2%2Fcategories&post=1495"},{"taxonomy":"post_tag","embeddable":true,"href":"https:\/\/raslamine.noblogs.org\/index.php?rest_route=%2Fwp%2Fv2%2Ftags&post=1495"}],"curies":[{"name":"wp","href":"https:\/\/api.w.org\/{rel}","templated":true}]}}