{"id":1490,"date":"2026-05-01T17:00:21","date_gmt":"2026-05-01T15:00:21","guid":{"rendered":"https:\/\/raslamine.noblogs.org\/?p=1490"},"modified":"2026-04-28T18:54:40","modified_gmt":"2026-04-28T16:54:40","slug":"saverdun-ariege-la-carriere-fortement-endommagee-par-un-incendie","status":"publish","type":"post","link":"https:\/\/raslamine.noblogs.org\/?p=1490","title":{"rendered":"Saverdun (Ari\u00e8ge) : La carri\u00e8re fortement endommag\u00e9e par un incendie"},"content":{"rendered":"<p>[pomp\u00e9 sur <a href=\"https:\/\/attaque.noblogs.org\/post\/2026\/04\/22\/saverdun-ariege-la-carriere-fortement-endommagee-par-un-incendie\/\">attaque<\/a>]<\/p>\n<p><em><del>actu.fr<\/del> \/ mercredi 22 avril 2026\u00a0\u00a0<img loading=\"lazy\" decoding=\"async\" class=\"alignnone size-full wp-image-1493\" src=\"https:\/\/raslamine.noblogs.org\/files\/2026\/04\/Saverdun-768x434-1.png\" alt=\"\" width=\"768\" height=\"434\" srcset=\"https:\/\/raslamine.noblogs.org\/files\/2026\/04\/Saverdun-768x434-1.png 768w, https:\/\/raslamine.noblogs.org\/files\/2026\/04\/Saverdun-768x434-1-300x170.png 300w\" sizes=\"auto, (max-width: 768px) 100vw, 768px\" \/><\/em><\/p>\n<p>Un <strong>incendie \u00ab\u2009de grande ampleur\u2009\u00bb<\/strong> s\u2019est d\u00e9clar\u00e9 dans la nuit du mardi\u00a021 au mercredi 22\u00a0avril 2026 sur le site de l\u2019entreprise de granulats Denjean, \u00e0 Saverdun en Ari\u00e8ge, a-t-on appris aupr\u00e8s de nos confr\u00e8res de <del>La D\u00e9p\u00eache du Midi<\/del>.\u00a0Une information confirm\u00e9e par le parquet et la pr\u00e9fecture \u00e0 <del>Actu Occitanie<\/del>.<br \/>\n<span id=\"more-62656\"><\/span><br \/>\n\u00ab\u200943 sapeurs pompiers et 11 v\u00e9hicules\u2009\u00bb du Service d\u00e9partemental d\u2019incendie et de secours de l\u2019Ari\u00e8ge (Sdis 09) ont \u00e9t\u00e9 engag\u00e9s sur le sinistre, d\u00e9taille la pr\u00e9fecture \u00e0 <del>Actu Occitanie<\/del>. [\u2026]<\/p>\n<p>Aucune victime n\u2019est \u00e0 d\u00e9plorer gr\u00e2ce \u00e0 l\u2019intervention rapide et efficace de pr\u00e8s de<br \/>\n50 pompiers, des services de secours et des forces de s\u00e9curit\u00e9\u00a0\u00bb, a indiqu\u00e9 le maire de Saverdun, Philippe Calleja. \u00ab D\u2019apr\u00e8s les informations dont nous disposons, l\u2019origine volontaire de l\u2019incendie est envisag\u00e9e. Nous attendrons les r\u00e9sultats de l\u2019enqu\u00eate avant tout commentaire. Toutefois, si cette hypoth\u00e8se se confirmait, nous condamnerions tout recours \u00e0 la violence \u00bb.<br \/>\nContact\u00e9e par <del>Actu Occitanie<\/del>, l\u2019entreprise Denjean n\u2019a pas fait de commentaire sur la dur\u00e9e de l\u2019arr\u00eat des installations et le ch\u00f4mage technique touchant ses employ\u00e9s.<\/p>\n<p><em><img loading=\"lazy\" decoding=\"async\" class=\"alignnone size-full wp-image-1491\" src=\"https:\/\/raslamine.noblogs.org\/files\/2026\/04\/Saverdun-3.jpg\" alt=\"\" width=\"960\" height=\"640\" srcset=\"https:\/\/raslamine.noblogs.org\/files\/2026\/04\/Saverdun-3.jpg 960w, https:\/\/raslamine.noblogs.org\/files\/2026\/04\/Saverdun-3-300x200.jpg 300w, https:\/\/raslamine.noblogs.org\/files\/2026\/04\/Saverdun-3-768x512.jpg 768w\" sizes=\"auto, (max-width: 960px) 100vw, 960px\" \/><\/em><\/p>\n<p><em>Et un autre article du m\u00eame journal pr\u00e9cise que<\/em> \u00ab\u00a0Si le feu n\u2019a fait aucune victime, il a <strong>fortement endommag\u00e9 le site<\/strong>.\u00a0\u00bb<\/p>\n<p><em>La <del>Gazette ari\u00e9geoise<\/del>, en date d\u2019aujourd\u2019hui, pr\u00e9cise que<\/em> \u00ab\u00a0[\u2026] par la voix de son pr\u00e9sident Jean-Philippe Sannac, la communaut\u00e9 de communes des Portes d\u2019Ari\u00e8ge Pyr\u00e9n\u00e9es a indiqu\u00e9 que \u00ab\u00a0<strong>un incendie majeur, cons\u00e9cutif \u00e0 plusieurs d\u00e9parts de feu simultan\u00e9s, a enti\u00e8rement d\u00e9truit les infrastructures de Denjean Granulats<\/strong>\u00a0\u00bb <em>et que<\/em> \u00ab\u00a0[\u2026] Pour sa part, le procureur de la R\u00e9publique Olivier Mouysset a indiqu\u00e9 qu\u2019une proc\u00e9dure judiciaire a \u00e9t\u00e9 ouverte cette nuit \u00ab\u00a0du chef de destruction en bande organis\u00e9e du bien d\u2019autrui par un moyen dangereux pour les personnes\u00a0\u00bb, apr\u00e8s <strong>l\u2019incendie de tapis roulants de grosses excavatrices<\/strong> install\u00e9es dans des carri\u00e8res produisant des granulats.<br \/>\nL\u2019enqu\u00eate a \u00e9t\u00e9 confi\u00e9e \u00e0 la section de recherches de Toulouse et \u00e0 la brigade de recherche de Pamiers qui agiront en co-saisine. \u00ab\u00a0En l\u2019\u00e9tat des premi\u00e8res constatations r\u00e9alis\u00e9es sur place, et diligent\u00e9es dans l\u2019urgence, la th\u00e8se accidentelle semble pouvoir \u00eatre \u00e9cart\u00e9e, ajoute le magistrat fux\u00e9en. Tous les moyens sont d\u00e9sormais mis en \u0153uvre pour identifier les causes pr\u00e9cises de l\u2019incendie, ceux qui en sont responsables, et parvenir ainsi dans les meilleurs d\u00e9lais \u00e0 la manifestation de la v\u00e9rit\u00e9\u00a0\u00bb [\u2026]\u00a0\u00bb.<\/p>\n","protected":false},"excerpt":{"rendered":"<p>[pomp\u00e9 sur attaque] actu.fr \/ mercredi 22 avril 2026\u00a0\u00a0 Un incendie \u00ab\u2009de grande ampleur\u2009\u00bb s\u2019est d\u00e9clar\u00e9 dans la nuit du mardi\u00a021 au mercredi 22\u00a0avril 2026 sur le site de l\u2019entreprise de granulats Denjean, \u00e0 Saverdun en Ari\u00e8ge, a-t-on appris aupr\u00e8s &hellip; <a href=\"https:\/\/raslamine.noblogs.org\/?p=1490\">Continuer la lecture <span class=\"meta-nav\">&rarr;<\/span><\/a><\/p>\n","protected":false},"author":19922,"featured_media":0,"comment_status":"closed","ping_status":"closed","sticky":false,"template":"","format":"standard","meta":{"footnotes":""},"categories":[3,38,4],"tags":[],"class_list":["post-1490","post","type-post","status-publish","format-standard","hentry","category-agitation","category-ariege","category-sabotage"],"_links":{"self":[{"href":"https:\/\/raslamine.noblogs.org\/index.php?rest_route=\/wp\/v2\/posts\/1490","targetHints":{"allow":["GET"]}}],"collection":[{"href":"https:\/\/raslamine.noblogs.org\/index.php?rest_route=\/wp\/v2\/posts"}],"about":[{"href":"https:\/\/raslamine.noblogs.org\/index.php?rest_route=\/wp\/v2\/types\/post"}],"author":[{"embeddable":true,"href":"https:\/\/raslamine.noblogs.org\/index.php?rest_route=\/wp\/v2\/users\/19922"}],"replies":[{"embeddable":true,"href":"https:\/\/raslamine.noblogs.org\/index.php?rest_route=%2Fwp%2Fv2%2Fcomments&post=1490"}],"version-history":[{"count":1,"href":"https:\/\/raslamine.noblogs.org\/index.php?rest_route=\/wp\/v2\/posts\/1490\/revisions"}],"predecessor-version":[{"id":1494,"href":"https:\/\/raslamine.noblogs.org\/index.php?rest_route=\/wp\/v2\/posts\/1490\/revisions\/1494"}],"wp:attachment":[{"href":"https:\/\/raslamine.noblogs.org\/index.php?rest_route=%2Fwp%2Fv2%2Fmedia&parent=1490"}],"wp:term":[{"taxonomy":"category","embeddable":true,"href":"https:\/\/raslamine.noblogs.org\/index.php?rest_route=%2Fwp%2Fv2%2Fcategories&post=1490"},{"taxonomy":"post_tag","embeddable":true,"href":"https:\/\/raslamine.noblogs.org\/index.php?rest_route=%2Fwp%2Fv2%2Ftags&post=1490"}],"curies":[{"name":"wp","href":"https:\/\/api.w.org\/{rel}","templated":true}]}}