{"id":144,"date":"2024-07-10T13:51:24","date_gmt":"2024-07-10T11:51:24","guid":{"rendered":"https:\/\/raslamine.noblogs.org\/?p=144"},"modified":"2024-07-18T22:53:44","modified_gmt":"2024-07-18T20:53:44","slug":"la-premiere-mine-de-lithium-de-france-classee-dinteret-public-majeur","status":"publish","type":"post","link":"https:\/\/raslamine.noblogs.org\/?p=144","title":{"rendered":"La premi\u00e8re mine de lithium de France class\u00e9e \u00ab d\u2019int\u00e9r\u00eat public majeur \u00bb"},"content":{"rendered":"<div class=\"texte\">\n<p>[trouv\u00e9 sur <a href=\"https:\/\/reporterre.net\/La-premiere-mine-de-lithium-de-France-classee-d-interet-public-majeur\">Reporterre]<\/a><br \/>\nSur demande de plusieurs maires et pr\u00e9sidents de communaut\u00e9s de communes de l\u2019Allier, et de l\u2019entreprise Imerys qui porte le projet, la mine de lithium baptis\u00e9e <i>\u00ab<small class=\"fine d-inline\">\u00a0<\/small>\u00c9mili<small class=\"fine d-inline\">\u00a0<\/small>\u00bb<\/i> a \u00e9t\u00e9 class\u00e9e <i>\u00ab<small class=\"fine d-inline\">\u00a0<\/small>d\u2019int\u00e9r\u00eat national majeur<small class=\"fine d-inline\">\u00a0<\/small>\u00bb<\/i> par <a class=\"spip_out\" href=\"https:\/\/www.legifrance.gouv.fr\/jorf\/id\/JORFTEXT000049893405\" target=\"_blank\" rel=\"external noopener\">un d\u00e9cret<\/a> publi\u00e9 le 7\u00a0juillet. Ce statut, cr\u00e9\u00e9 par la loi Industrie d\u2019octobre 2023, est synonyme d\u2019acc\u00e9l\u00e9ration des proc\u00e9dures et de d\u00e9rogations administratives.<\/p>\n<p>Cette d\u00e9cision intervient en plein d\u00e9bat public sur les cons\u00e9quences environnementales et socio\u00e9conomiques du projet, qui doit \u00eatre cl\u00f4tur\u00e9 le 31\u00a0juillet. Contest\u00e9 par des collectifs locaux, le projet colossal d\u2019extraction de l\u2019or blanc vise \u00e0 produire, \u00e0 partir de 2028, le lithium n\u00e9cessaire \u00e0 la fabrication des batteries de plus de 700 000 v\u00e9hicules pendant vingt-cinq ans.<\/p>\n<\/div>\n","protected":false},"excerpt":{"rendered":"<p>[trouv\u00e9 sur Reporterre] Sur demande de plusieurs maires et pr\u00e9sidents de communaut\u00e9s de communes de l\u2019Allier, et de l\u2019entreprise Imerys qui porte le projet, la mine de lithium baptis\u00e9e \u00ab\u00a0\u00c9mili\u00a0\u00bb a \u00e9t\u00e9 class\u00e9e \u00ab\u00a0d\u2019int\u00e9r\u00eat national majeur\u00a0\u00bb par un d\u00e9cret publi\u00e9 &hellip; <a href=\"https:\/\/raslamine.noblogs.org\/?p=144\">Continuer la lecture <span class=\"meta-nav\">&rarr;<\/span><\/a><\/p>\n","protected":false},"author":19922,"featured_media":0,"comment_status":"closed","ping_status":"closed","sticky":false,"template":"","format":"standard","meta":{"footnotes":""},"categories":[15,26],"tags":[],"class_list":["post-144","post","type-post","status-publish","format-standard","hentry","category-allier","category-emili"],"_links":{"self":[{"href":"https:\/\/raslamine.noblogs.org\/index.php?rest_route=\/wp\/v2\/posts\/144","targetHints":{"allow":["GET"]}}],"collection":[{"href":"https:\/\/raslamine.noblogs.org\/index.php?rest_route=\/wp\/v2\/posts"}],"about":[{"href":"https:\/\/raslamine.noblogs.org\/index.php?rest_route=\/wp\/v2\/types\/post"}],"author":[{"embeddable":true,"href":"https:\/\/raslamine.noblogs.org\/index.php?rest_route=\/wp\/v2\/users\/19922"}],"replies":[{"embeddable":true,"href":"https:\/\/raslamine.noblogs.org\/index.php?rest_route=%2Fwp%2Fv2%2Fcomments&post=144"}],"version-history":[{"count":1,"href":"https:\/\/raslamine.noblogs.org\/index.php?rest_route=\/wp\/v2\/posts\/144\/revisions"}],"predecessor-version":[{"id":145,"href":"https:\/\/raslamine.noblogs.org\/index.php?rest_route=\/wp\/v2\/posts\/144\/revisions\/145"}],"wp:attachment":[{"href":"https:\/\/raslamine.noblogs.org\/index.php?rest_route=%2Fwp%2Fv2%2Fmedia&parent=144"}],"wp:term":[{"taxonomy":"category","embeddable":true,"href":"https:\/\/raslamine.noblogs.org\/index.php?rest_route=%2Fwp%2Fv2%2Fcategories&post=144"},{"taxonomy":"post_tag","embeddable":true,"href":"https:\/\/raslamine.noblogs.org\/index.php?rest_route=%2Fwp%2Fv2%2Ftags&post=144"}],"curies":[{"name":"wp","href":"https:\/\/api.w.org\/{rel}","templated":true}]}}