{"id":1328,"date":"2025-12-11T17:00:03","date_gmt":"2025-12-11T16:00:03","guid":{"rendered":"https:\/\/raslamine.noblogs.org\/?p=1328"},"modified":"2025-12-11T14:18:35","modified_gmt":"2025-12-11T13:18:35","slug":"collectif-stop-taranis-le-permis-de-recherche-vient-detre-accorde-par-le-ministere","status":"publish","type":"post","link":"https:\/\/raslamine.noblogs.org\/?p=1328","title":{"rendered":"Collectif Stop Taranis &#8211; Le permis de recherche vient d&rsquo;\u00eatre accord\u00e9 par le minist\u00e8re"},"content":{"rendered":"<p>[re\u00e7u par mail]<\/p>\n<p>Bonjour \u00e0 toutes et \u00e0 tous,<\/p>\n<p>Nous l&rsquo;anticipions, nous le pr\u00e9parions, et nous l&rsquo;attendions mais h\u00e9las c&rsquo;est bien arriv\u00e9 : le Minist\u00e8re de l&rsquo;Economie, des Finances et de la Souverain\u00e9t\u00e9 industrielle, \u00e9nerg\u00e9tique et num\u00e9rique a accord\u00e9 ce matin les 3 PERMs (Permis Exclusif de Recherches Mini\u00e8res) \u00ab\u00a0Taranis\u00a0\u00bb, \u00ab\u00a0B\u00e9l\u00e9nos\u00a0\u00bb et \u00ab\u00a0Epona\u00a0\u00bb et \u00e0 la soci\u00e9t\u00e9 Breizh Ressources.<\/p>\n<p>Nous vous expliquons ici ce que nous savons de leurs intentions, de leurs man\u0153uvres et surtout quels sont nos leviers d&rsquo;actions et de mobilisation pour emp\u00eacher ce projet catastrophique pour les habitants et leur environnement.<\/p>\n<p>Bonne lecture !<\/p>\n<h2>Le projet Taranis : R\u00e9sum\u00e9 et enjeux<br \/>\n\u00ad<\/h2>\n<p>Faisons le point sur ce que nous savons<\/p>\n<p>Voici en 6 points\u00a0cl\u00e9s ce que nous savons de ce projet :<\/p>\n<ul>\n<li><strong>Quoi ?\u00a0<\/strong>Un PERM (permis exclusif de recherches mini\u00e8res) est un titre minier qui donne \u00e0 son titulaire et \u00e0 lui seul le droit d&rsquo;effectuer tous travaux de recherches des m\u00e9taux d\u00e9clar\u00e9s dans le p\u00e9rim\u00e8tre qu&rsquo;il d\u00e9finit et de disposer librement des produits extraits \u00e0 l&rsquo;occasion des recherches et des essais. Il est accord\u00e9 pour une p\u00e9riode de 5 ans maximum, renouvelables 2 fois, donc 15 ans. Une fois que l&rsquo;entreprise a amass\u00e9 suffisamment de preuves, elle est prioritaire pour faire une demande de concession, et ainsi elle peut vendre la concession \u00e0 une \u00ab\u00a0major\u00a0\u00bb sp\u00e9cialis\u00e9e dans l&rsquo;extraction mini\u00e8re.<\/li>\n<li><strong>Qui ?\u00a0<\/strong>Les 3 PERMs \u00ab\u00a0Taranis\u00a0\u00bb, \u00ab\u00a0Epona\u00a0\u00bb et \u00ab\u00a0B\u00e9l\u00e9nos\u00a0\u00bb ont \u00e9t\u00e9 d\u00e9pos\u00e9s par <em>Breizh Ressources<\/em>, une soci\u00e9t\u00e9 d\u00e9tenue \u00e0 100% par <em>Aurania Ressources,\u00a0<\/em>domicili\u00e9e aux Bermudes et propri\u00e9t\u00e9 de Keith Baron, une entrepreneur bien connu du milieu minier par ce<\/li>\n<li><strong>O\u00f9 ?<\/strong> Sur Taranis, 20 communes du Pays de Redon sont concern\u00e9es, sur un territoire de 360 km2. (Epona 50km2 sur 4 communes du pays de Lorient. B\u00e9l\u00e9nos : 440 km2 sur 18 communes entre Chateaubriant et Angers)<\/li>\n<li><strong>Pourquoi ?\u00a0<\/strong><em>Breizh Ressources\u00a0<\/em>communique beaucoup sur les pseudo-vertus du projet : transition \u00e9cologique, souverainet\u00e9 industrielle et mini\u00e8re, etc. Pour v\u00e9rifier cela nous avons eu la chance d&rsquo;accueillir les experts de l&rsquo;association SystExt, association ind\u00e9pendante de professionnels du secteur minier, dont l&rsquo;experte reconnue Aurore St\u00e9phant. Sur la base de toutes les informations qu&rsquo;ils ont collect\u00e9es aussi bien sur place que dans les rapports du BRGM (Bureau de Recherches G\u00e9ologiques et Mini\u00e8res), ils nous ont indiqu\u00e9 qu&rsquo;il y avait surtout des indices miniers pour l&rsquo;or. C&rsquo;est donc avant tout ce m\u00e9tal qui est recherch\u00e9, les arguments vertueux de <em>Breizh Ressources\u00a0<\/em>sont des pr\u00e9textes fallacieux.<\/li>\n<li><strong>Comment ?\u00a0<\/strong>On s&rsquo;en doute, mais c&rsquo;est av\u00e9r\u00e9, les m\u00e9thodes de <em>Breizh Ressources\u00a0<\/em>ne sont pas celles d&rsquo;un enfant de c\u0153ur. En particulier, ils n&rsquo;h\u00e9sitent pas \u00e0 promettre monts et merveilles : mine responsable, mine propre, souverainet\u00e9 nationale, etc. Or tout cela est mensonger pour la simple et bonne raison qu&rsquo;ils n&rsquo;en savent rien. Ils vendront leur gisement d&rsquo;or au plus offrant, qui lui m\u00eame revendra le m\u00e9tal sur des march\u00e9s boursiers. Il n&rsquo;y a aucun moyen pour quiconque de s&rsquo;assurer que cela serve les int\u00e9r\u00eats de la France, et que ces minerais soient utilis\u00e9s de mani\u00e8re vertueuse.<\/li>\n<li><strong>Que risque-t-on ?\u00a0<\/strong>Pour le moment pas grand chose, mis \u00e0 part le fait que Breizh Ressources pourra demander \u00e0 acc\u00e9der aux parcelles du p\u00e9rim\u00e8tre Taranis pour effectuer ses recherches. Mais \u00e0 terme nous risquons gros : nous savons que l&rsquo;exploration ouvre un boulevard \u00e0 l&rsquo;exploitation mini\u00e8re et que le contexte g\u00e9o-politique et \u00e9conomique actuel accentue le risque de voir un jour une mine ouvrir sur notre territoire. Les risques d&rsquo;ordre environnemental et sanitaire sont consid\u00e9rables (pollution des eaux, pollution de l&rsquo;air, contamination des sols, risque d&rsquo;exposition \u00e0 la radioactivit\u00e9, bruit, etc.) et cela sur plusieurs g\u00e9n\u00e9rations, rappelons le, la mine propre n&rsquo;existe pas et de nombreux anciens site miniers en France n&rsquo;ont pas \u00e9t\u00e9 d\u00e9pollu\u00e9s et continuent de d\u00e9verser des m\u00e9taux lourds dans l&rsquo;environnement comme le documente Systext <a href=\"https:\/\/www.systext.org\/sites\/default\/files\/RP_SystExt_Apres-Mine-Recueil-Reportages-2020-2022_comp.pdf\" target=\"_blank\" rel=\"noopener noreferrer\">LIRE LE RAPPORT<\/a>.<\/li>\n<\/ul>\n<h2>Que faire maintenant ?<br \/>\n\u00ad<\/h2>\n<p>La question est sur toutes les l\u00e8vres : quels sont nos leviers d&rsquo;action et de mobilisation ?<\/p>\n<p>Nous avons une chance, nous sommes d\u00e9j\u00e0 bien organis\u00e9s, bien inform\u00e9s. Profitons de cet atout pour faire avancer notre combat contre ce projet d\u00e9l\u00e9tere. Voici comment :<\/p>\n<ul>\n<li>Signer les formulaires de refus d&rsquo;exploration sur les propri\u00e9t\u00e9s priv\u00e9es. Il faut encore le dire et le redire : c&rsquo;est notre principal levier d&rsquo;action. Une fois qu&rsquo;ils auront montr\u00e9 qu&rsquo;il y a de l&rsquo;or, l&rsquo;\u00c9tat restant le propri\u00e9taire du sous-sol, ni les habitants, ni les communes, ni m\u00eame la r\u00e9gion ne pourront s&rsquo;opposer au projet. Or comme la propri\u00e9t\u00e9 priv\u00e9e est un droit constitutionnel, il reste difficile pour l&rsquo;Etat d&rsquo;imposer le pr\u00e9l\u00e8vement, si toutefois un propri\u00e9taire a expr\u00e9ss\u00e9ment indiqu\u00e9 qu&rsquo;il s&rsquo;y opposait. Pour se donner un ordre d&rsquo;id\u00e9e, le projet Variscan, il y a une dizaine d&rsquo;ann\u00e9e, avait \u00e9t\u00e9 arr\u00eat\u00e9 avec 80% de la surface couverte par des refus. Les agriculteurs sont les premiers concern\u00e9s, autant par les risques que fait peser la possibilit\u00e9 d&rsquo;une mine sur leur activit\u00e9, que par les surfaces sur lesquelles ils peuvent refuser l&rsquo;extraction. Mais, c&rsquo;est important d&rsquo;en avoir maximum : il n&rsquo;y pas de petit refus.<\/li>\n<li>Attaquons-les au porte-monnaie : n&rsquo;oublions pas que le but de Breizh Ressources est de vendre un projet minier \u00e0 de potentiels investisseurs. Une forte mobilisation et une communication efficace de notre d\u00e9termination est un bon moyen de s&rsquo;opposer au projet. Alors militez, discutez, convainquez sur tous les fronts.<\/li>\n<li>Organisons nos moyens financiers, afin de pouvoir mener des actions en justice. En effet, l&rsquo;un des leviers se trouve sur le versant juridique. Mais les juristes et avocats qui peuvent nous aider \u00e0 prouver le caract\u00e8re ill\u00e9gal du projet co\u00fbtent de l&rsquo;argent. Afin de pouvoir mener ces actions en justice, une association, <a href=\"https:\/\/www.helloasso.com\/associations\/toussunix\/adhesions\/bulletin-d-adhesion-annuelle\">nomm\u00e9e Toussunix, a \u00e9t\u00e9 cr\u00e9\u00e9e et une campagne d&rsquo;adh\u00e9sion a \u00e9t\u00e9 lanc\u00e9e<\/a>.<\/li>\n<\/ul>\n<p>Ev\u00e9nements \u00e0 venir<\/p>\n<p>SAMEDI 13 D\u00c9CEMBRE &#8211; 10h &#8211; BECON LES GRANITS (49)<\/p>\n<p>Nos amis du collectif Stop B\u00e9l\u00e9nos appellent \u00e0 une d\u00e9ambulation citoyenne ce samedi 13 d\u00e9cembre \u00e0 10h \u00e0 Becon-les-granits, rendez-vous place de l&rsquo;\u00e9glise.<\/p>\n<p>MARDI 27 JANVIER &#8211; 20h15 &#8211; MALESTROIT (56)<\/p>\n<p>Rendez-vous au cin\u00e9ma l&rsquo;Armor de Malestroit pour la projection du film documentaire \u00ab\u00a0Le sang et la boue\u00a0\u00bb suivi d&rsquo;\u00e9changes sur le projet d&rsquo;exploration mini\u00e8re.<\/p>\n<p>\u00ad<\/p>\n","protected":false},"excerpt":{"rendered":"<p>[re\u00e7u par mail] Bonjour \u00e0 toutes et \u00e0 tous, Nous l&rsquo;anticipions, nous le pr\u00e9parions, et nous l&rsquo;attendions mais h\u00e9las c&rsquo;est bien arriv\u00e9 : le Minist\u00e8re de l&rsquo;Economie, des Finances et de la Souverain\u00e9t\u00e9 industrielle, \u00e9nerg\u00e9tique et num\u00e9rique a accord\u00e9 ce &hellip; <a href=\"https:\/\/raslamine.noblogs.org\/?p=1328\">Continuer la lecture <span class=\"meta-nav\">&rarr;<\/span><\/a><\/p>\n","protected":false},"author":19922,"featured_media":0,"comment_status":"closed","ping_status":"closed","sticky":false,"template":"","format":"standard","meta":{"footnotes":""},"categories":[81,29,58],"tags":[],"class_list":["post-1328","post","type-post","status-publish","format-standard","hentry","category-breizh-ressources-actu","category-bretagne","category-taranis"],"_links":{"self":[{"href":"https:\/\/raslamine.noblogs.org\/index.php?rest_route=\/wp\/v2\/posts\/1328","targetHints":{"allow":["GET"]}}],"collection":[{"href":"https:\/\/raslamine.noblogs.org\/index.php?rest_route=\/wp\/v2\/posts"}],"about":[{"href":"https:\/\/raslamine.noblogs.org\/index.php?rest_route=\/wp\/v2\/types\/post"}],"author":[{"embeddable":true,"href":"https:\/\/raslamine.noblogs.org\/index.php?rest_route=\/wp\/v2\/users\/19922"}],"replies":[{"embeddable":true,"href":"https:\/\/raslamine.noblogs.org\/index.php?rest_route=%2Fwp%2Fv2%2Fcomments&post=1328"}],"version-history":[{"count":2,"href":"https:\/\/raslamine.noblogs.org\/index.php?rest_route=\/wp\/v2\/posts\/1328\/revisions"}],"predecessor-version":[{"id":1333,"href":"https:\/\/raslamine.noblogs.org\/index.php?rest_route=\/wp\/v2\/posts\/1328\/revisions\/1333"}],"wp:attachment":[{"href":"https:\/\/raslamine.noblogs.org\/index.php?rest_route=%2Fwp%2Fv2%2Fmedia&parent=1328"}],"wp:term":[{"taxonomy":"category","embeddable":true,"href":"https:\/\/raslamine.noblogs.org\/index.php?rest_route=%2Fwp%2Fv2%2Fcategories&post=1328"},{"taxonomy":"post_tag","embeddable":true,"href":"https:\/\/raslamine.noblogs.org\/index.php?rest_route=%2Fwp%2Fv2%2Ftags&post=1328"}],"curies":[{"name":"wp","href":"https:\/\/api.w.org\/{rel}","templated":true}]}}