{"id":1298,"date":"2025-12-08T17:00:34","date_gmt":"2025-12-08T16:00:34","guid":{"rendered":"https:\/\/raslamine.noblogs.org\/?p=1298"},"modified":"2025-12-09T13:51:38","modified_gmt":"2025-12-09T12:51:38","slug":"discussion-sur-les-luttes-en-cours-au-canada-et-la-lutte-specifique-contre-le-pipeline-prgt","status":"publish","type":"post","link":"https:\/\/raslamine.noblogs.org\/?p=1298","title":{"rendered":"Discussion sur les luttes en cours au Canada et la lutte sp\u00e9cifique contre le pipeline PRGT"},"content":{"rendered":"<h4>[pomp\u00e9 sur <a href=\"https:\/\/bibliothequelibertad.noblogs.org\/\">Libertad<\/a>]<\/h4>\n<div id=\"container\">\n<div id=\"content\" role=\"main\">\n<div id=\"post-1569\" class=\"post-1569 post type-post status-publish format-standard hentry category-general\">\n<h3 class=\"entry-title\"><strong>Samedi 13 d\u00e9cembre, \u00e0 15h \u00e0 la Biblioth\u00e8que Anarchiste Libertad, Paris 19e<\/strong><\/h3>\n<\/div>\n<\/div>\n<\/div>\n<p>Ces derni\u00e8res ann\u00e9es, la lutte contre l\u2019extractivisme a \u00e9clat\u00e9 sur la cote nord-ouest du Canada en se propageant, dans certains cas, dans tout le territoire contr\u00f4l\u00e9 par l\u2019\u00e9tat canadien. Dans cette vague d\u2019industrialisation et de luttes contre celle-ci, l\u2019\u00c9tat et les industriels manigancent pour construire dans cette r\u00e9gion un nouveau pipeline de gaz naturel. Ils ne sont pourtant pas les seuls \u00e0 conspirer, et un projet de lutte contre le pipeline PRGT est en train d\u2019\u00e9merger. Un compagnon qui vit dans la r\u00e9gion pr\u00e9sentera les luttes r\u00e9centes, les tensions sociales dans la r\u00e9gion, ainsi que la lutte sp\u00e9cifique contre le pipeline PRGT, lutte qu\u2019une poign\u00e9e de compagnons proposent en mettant en \u0153uvre une m\u00e9thode insurrectionnelle. En partant de tout \u00e7a, on pourra discuter des exp\u00e9riences pass\u00e9es, des le\u00e7ons et des enseignements que l\u2019on peut en tirer pour des perspectives insurrectionnelles aujourd\u2019hui.<\/p>\n<p><!--more--><\/p>\n<p>&nbsp;<\/p>\n<p><strong><em>Biblioth\u00e8que anarchiste Libertad<\/em><\/strong><br \/>\n19 rue Burnouf<br \/>\n75019 Paris<br \/>\n(M\u00b0Belleville\/Colonel Fabien)<br \/>\n<em>Permanences tous les mardis<\/em><br \/>\n<em>de 17 \u00e0 20h<\/em><br \/>\nbibliothequelibertad chez riseup point net<\/p>\n","protected":false},"excerpt":{"rendered":"<p>[pomp\u00e9 sur Libertad] Samedi 13 d\u00e9cembre, \u00e0 15h \u00e0 la Biblioth\u00e8que Anarchiste Libertad, Paris 19e Ces derni\u00e8res ann\u00e9es, la lutte contre l\u2019extractivisme a \u00e9clat\u00e9 sur la cote nord-ouest du Canada en se propageant, dans certains cas, dans tout le territoire &hellip; <a href=\"https:\/\/raslamine.noblogs.org\/?p=1298\">Continuer la lecture <span class=\"meta-nav\">&rarr;<\/span><\/a><\/p>\n","protected":false},"author":19922,"featured_media":0,"comment_status":"closed","ping_status":"closed","sticky":false,"template":"","format":"standard","meta":{"footnotes":""},"categories":[8,24],"tags":[],"class_list":["post-1298","post","type-post","status-publish","format-standard","hentry","category-evenement","category-luttes-internationales"],"_links":{"self":[{"href":"https:\/\/raslamine.noblogs.org\/index.php?rest_route=\/wp\/v2\/posts\/1298","targetHints":{"allow":["GET"]}}],"collection":[{"href":"https:\/\/raslamine.noblogs.org\/index.php?rest_route=\/wp\/v2\/posts"}],"about":[{"href":"https:\/\/raslamine.noblogs.org\/index.php?rest_route=\/wp\/v2\/types\/post"}],"author":[{"embeddable":true,"href":"https:\/\/raslamine.noblogs.org\/index.php?rest_route=\/wp\/v2\/users\/19922"}],"replies":[{"embeddable":true,"href":"https:\/\/raslamine.noblogs.org\/index.php?rest_route=%2Fwp%2Fv2%2Fcomments&post=1298"}],"version-history":[{"count":2,"href":"https:\/\/raslamine.noblogs.org\/index.php?rest_route=\/wp\/v2\/posts\/1298\/revisions"}],"predecessor-version":[{"id":1301,"href":"https:\/\/raslamine.noblogs.org\/index.php?rest_route=\/wp\/v2\/posts\/1298\/revisions\/1301"}],"wp:attachment":[{"href":"https:\/\/raslamine.noblogs.org\/index.php?rest_route=%2Fwp%2Fv2%2Fmedia&parent=1298"}],"wp:term":[{"taxonomy":"category","embeddable":true,"href":"https:\/\/raslamine.noblogs.org\/index.php?rest_route=%2Fwp%2Fv2%2Fcategories&post=1298"},{"taxonomy":"post_tag","embeddable":true,"href":"https:\/\/raslamine.noblogs.org\/index.php?rest_route=%2Fwp%2Fv2%2Ftags&post=1298"}],"curies":[{"name":"wp","href":"https:\/\/api.w.org\/{rel}","templated":true}]}}