{"id":128,"date":"2024-07-15T20:17:20","date_gmt":"2024-07-15T18:17:20","guid":{"rendered":"https:\/\/raslamine.noblogs.org\/?p=128"},"modified":"2024-07-19T00:40:23","modified_gmt":"2024-07-18T22:40:23","slug":"les-sites-dimplatation","status":"publish","type":"post","link":"https:\/\/raslamine.noblogs.org\/?p=128","title":{"rendered":"les sites d&rsquo;implantation"},"content":{"rendered":"<p>Les diff\u00e9rents sites du projet EMILI :<br \/>\n<img loading=\"lazy\" decoding=\"async\" class=\"alignnone wp-image-133\" src=\"https:\/\/raslamine.noblogs.org\/files\/2024\/07\/sites-implantation-vises-projet-emili-268x300.jpg\" alt=\"sites implantations\" width=\"336\" height=\"376\" srcset=\"https:\/\/raslamine.noblogs.org\/files\/2024\/07\/sites-implantation-vises-projet-emili-268x300.jpg 268w, https:\/\/raslamine.noblogs.org\/files\/2024\/07\/sites-implantation-vises-projet-emili-915x1024.jpg 915w, https:\/\/raslamine.noblogs.org\/files\/2024\/07\/sites-implantation-vises-projet-emili-768x860.jpg 768w, https:\/\/raslamine.noblogs.org\/files\/2024\/07\/sites-implantation-vises-projet-emili.jpg 1280w\" sizes=\"auto, (max-width: 336px) 100vw, 336px\" \/><\/p>\n<p><strong>Mine et usine de concentration<\/strong> : site de <em>Beauvoire<\/em> &#8211; commune d&rsquo;Echassi\u00e8res<br \/>\nEn bleu le bornage du p\u00e9rim\u00e8te r\u00e9alis\u00e9 par Olivier TRUTTMANN, g\u00e9om\u00e8tre-expert.<\/p>\n<p><img loading=\"lazy\" decoding=\"async\" class=\"alignnone size-medium wp-image-130\" src=\"https:\/\/raslamine.noblogs.org\/files\/2024\/07\/echassieres-perimetre-300x235.png\" alt=\"perimetre site echassieres\" width=\"300\" height=\"235\" srcset=\"https:\/\/raslamine.noblogs.org\/files\/2024\/07\/echassieres-perimetre-300x235.png 300w, https:\/\/raslamine.noblogs.org\/files\/2024\/07\/echassieres-perimetre-768x602.png 768w, https:\/\/raslamine.noblogs.org\/files\/2024\/07\/echassieres-perimetre.png 1020w\" sizes=\"auto, (max-width: 300px) 100vw, 300px\" \/><\/p>\n<p><img loading=\"lazy\" decoding=\"async\" class=\"alignnone size-full wp-image-157\" src=\"https:\/\/raslamine.noblogs.org\/files\/2024\/07\/perimetre-beauvoir.jpeg\" alt=\"perimetre beauvoir \" width=\"1253\" height=\"765\" srcset=\"https:\/\/raslamine.noblogs.org\/files\/2024\/07\/perimetre-beauvoir.jpeg 1253w, https:\/\/raslamine.noblogs.org\/files\/2024\/07\/perimetre-beauvoir-300x183.jpeg 300w, https:\/\/raslamine.noblogs.org\/files\/2024\/07\/perimetre-beauvoir-1024x625.jpeg 1024w, https:\/\/raslamine.noblogs.org\/files\/2024\/07\/perimetre-beauvoir-768x469.jpeg 768w\" sizes=\"auto, (max-width: 1253px) 100vw, 1253px\" \/><\/p>\n<p><strong>Canalisation :<br \/>\n<\/strong>Le trac\u00e9 envisag\u00e9 pour les canalisations qui relieraient l\u2019usine de concentration \u00e0 la plateforme de chargement suivrait les routes d\u00e9partementales (D987, D118, D183) et voies communales ou chemins ruraux existants en descente (d\u00e9nivel\u00e9 approximatif de 470 m\u00e8tres). Trois canalisations parall\u00e8les, enfouies \u00e0 environ un m\u00e8tre sous terre seraient mises en place : une premi\u00e8re pour le concentr\u00e9 de mica lithinif\u00e8re, une deuxi\u00e8me pour le concentr\u00e9 de feldspath, la troisi\u00e8me canalisation permettant le transport de l\u2019eau qui retournerait vers l\u2019usine de concentration. [p.16 Synth\u00e8se du dossier du ma\u00eetre d\u2019ouvrage]<\/p>\n<p><img loading=\"lazy\" decoding=\"async\" class=\"alignnone size-medium wp-image-134\" src=\"https:\/\/raslamine.noblogs.org\/files\/2024\/07\/trace-envisage-EMILI-lithium-canalisations_0-300x143.jpg\" alt=\"trace des canalisations\" width=\"300\" height=\"143\" srcset=\"https:\/\/raslamine.noblogs.org\/files\/2024\/07\/trace-envisage-EMILI-lithium-canalisations_0-300x143.jpg 300w, https:\/\/raslamine.noblogs.org\/files\/2024\/07\/trace-envisage-EMILI-lithium-canalisations_0-1024x487.jpg 1024w, https:\/\/raslamine.noblogs.org\/files\/2024\/07\/trace-envisage-EMILI-lithium-canalisations_0-768x365.jpg 768w, https:\/\/raslamine.noblogs.org\/files\/2024\/07\/trace-envisage-EMILI-lithium-canalisations_0.jpg 1280w\" sizes=\"auto, (max-width: 300px) 100vw, 300px\" \/><\/p>\n<p>&nbsp;<\/p>\n<p><strong>Sation de chargement<\/strong> :<br \/>\nLa plateforme de chargement assure une double fonction de site de stockage et lieu de<br \/>\nchargement. En effet, le rythme des trains d\u00e9pendant des sillons attribu\u00e9s par SNCF<br \/>\nR\u00e9seau, il est n\u00e9cessaire de pr\u00e9voir un espace pour stocker les produits dans l\u2019attente de<br \/>\nleur chargement. Le mica lithinif\u00e8re pourra enfin \u00eatre transport\u00e9 par trains vers l\u2019usine<br \/>\nde conversion, et le feldspath vers les clients. [p.16 Synth\u00e8se du dossier du ma\u00eetre d\u2019ouvrage]<\/p>\n<p><em>La fontchambert<\/em> &#8211; communes de Naves et de Saint-Bonnet de Rochefort<br \/>\nParcelles hypoth\u00e9tiques d&rsquo;apr\u00e8s les projections d&rsquo;Imerys :<br \/>\n<b><\/b>Sur Nave : parcelle 03194 000 ZE 15 et parcelle 03194 000 ZE 18<br \/>\nSur Saint-Bonnet de Rochefort : parcelle 03220 000 YO 71<\/p>\n<p><img loading=\"lazy\" decoding=\"async\" class=\"alignnone size-medium wp-image-132\" src=\"https:\/\/raslamine.noblogs.org\/files\/2024\/07\/quai-de-chargement-la-fontchambert-300x241.jpg\" alt=\"parcelle station de chargement\" width=\"300\" height=\"241\" srcset=\"https:\/\/raslamine.noblogs.org\/files\/2024\/07\/quai-de-chargement-la-fontchambert-300x241.jpg 300w, https:\/\/raslamine.noblogs.org\/files\/2024\/07\/quai-de-chargement-la-fontchambert-1024x824.jpg 1024w, https:\/\/raslamine.noblogs.org\/files\/2024\/07\/quai-de-chargement-la-fontchambert-768x618.jpg 768w, https:\/\/raslamine.noblogs.org\/files\/2024\/07\/quai-de-chargement-la-fontchambert.jpg 1075w\" sizes=\"auto, (max-width: 300px) 100vw, 300px\" \/><img loading=\"lazy\" decoding=\"async\" class=\"size-medium wp-image-131 alignright\" src=\"https:\/\/raslamine.noblogs.org\/files\/2024\/07\/EMILI-3D-station-chargement-300x120.png\" alt=\"station de chargement 3D\" width=\"300\" height=\"120\" srcset=\"https:\/\/raslamine.noblogs.org\/files\/2024\/07\/EMILI-3D-station-chargement-300x120.png 300w, https:\/\/raslamine.noblogs.org\/files\/2024\/07\/EMILI-3D-station-chargement-1024x409.png 1024w, https:\/\/raslamine.noblogs.org\/files\/2024\/07\/EMILI-3D-station-chargement-768x307.png 768w, https:\/\/raslamine.noblogs.org\/files\/2024\/07\/EMILI-3D-station-chargement.png 1280w\" sizes=\"auto, (max-width: 300px) 100vw, 300px\" \/><\/p>\n<p><strong>Usine de conversion :<\/strong><br \/>\nParcelles hypoth\u00e9tiques d&rsquo;apr\u00e8s les projections d&rsquo;Imerys :<br \/>\nSur Saint-Victor au nord de Montlu\u00e7on : parcelle : 03262 000 YN 42 et parcelle 03262 000 YN 152<\/p>\n<p><img loading=\"lazy\" decoding=\"async\" class=\"alignnone size-medium wp-image-135\" src=\"https:\/\/raslamine.noblogs.org\/files\/2024\/07\/usine-de-conversion-la-loue-300x230.jpg\" alt=\"usine de conversion la loue\" width=\"300\" height=\"230\" srcset=\"https:\/\/raslamine.noblogs.org\/files\/2024\/07\/usine-de-conversion-la-loue-300x230.jpg 300w, https:\/\/raslamine.noblogs.org\/files\/2024\/07\/usine-de-conversion-la-loue-1024x786.jpg 1024w, https:\/\/raslamine.noblogs.org\/files\/2024\/07\/usine-de-conversion-la-loue-768x589.jpg 768w, https:\/\/raslamine.noblogs.org\/files\/2024\/07\/usine-de-conversion-la-loue.jpg 1075w\" sizes=\"auto, (max-width: 300px) 100vw, 300px\" \/> \u00a0\u00a0\u00a0\u00a0\u00a0\u00a0\u00a0\u00a0 <img loading=\"lazy\" decoding=\"async\" class=\"alignnone size-medium wp-image-138\" src=\"https:\/\/raslamine.noblogs.org\/files\/2024\/07\/EMILI-3D-usine-conversion-300x110.png\" alt=\"usine de conversion 3D\" width=\"300\" height=\"110\" srcset=\"https:\/\/raslamine.noblogs.org\/files\/2024\/07\/EMILI-3D-usine-conversion-300x110.png 300w, https:\/\/raslamine.noblogs.org\/files\/2024\/07\/EMILI-3D-usine-conversion-1024x374.png 1024w, https:\/\/raslamine.noblogs.org\/files\/2024\/07\/EMILI-3D-usine-conversion-768x281.png 768w, https:\/\/raslamine.noblogs.org\/files\/2024\/07\/EMILI-3D-usine-conversion.png 1280w\" sizes=\"auto, (max-width: 300px) 100vw, 300px\" \/><\/p>\n","protected":false},"excerpt":{"rendered":"<p>Les diff\u00e9rents sites du projet EMILI : Mine et usine de concentration : site de Beauvoire &#8211; commune d&rsquo;Echassi\u00e8res En bleu le bornage du p\u00e9rim\u00e8te r\u00e9alis\u00e9 par Olivier TRUTTMANN, g\u00e9om\u00e8tre-expert. Canalisation : Le trac\u00e9 envisag\u00e9 pour les canalisations qui relieraient &hellip; <a href=\"https:\/\/raslamine.noblogs.org\/?p=128\">Continuer la lecture <span class=\"meta-nav\">&rarr;<\/span><\/a><\/p>\n","protected":false},"author":19922,"featured_media":0,"comment_status":"closed","ping_status":"closed","sticky":false,"template":"","format":"standard","meta":{"footnotes":""},"categories":[15,26],"tags":[],"class_list":["post-128","post","type-post","status-publish","format-standard","hentry","category-allier","category-emili"],"_links":{"self":[{"href":"https:\/\/raslamine.noblogs.org\/index.php?rest_route=\/wp\/v2\/posts\/128","targetHints":{"allow":["GET"]}}],"collection":[{"href":"https:\/\/raslamine.noblogs.org\/index.php?rest_route=\/wp\/v2\/posts"}],"about":[{"href":"https:\/\/raslamine.noblogs.org\/index.php?rest_route=\/wp\/v2\/types\/post"}],"author":[{"embeddable":true,"href":"https:\/\/raslamine.noblogs.org\/index.php?rest_route=\/wp\/v2\/users\/19922"}],"replies":[{"embeddable":true,"href":"https:\/\/raslamine.noblogs.org\/index.php?rest_route=%2Fwp%2Fv2%2Fcomments&post=128"}],"version-history":[{"count":5,"href":"https:\/\/raslamine.noblogs.org\/index.php?rest_route=\/wp\/v2\/posts\/128\/revisions"}],"predecessor-version":[{"id":168,"href":"https:\/\/raslamine.noblogs.org\/index.php?rest_route=\/wp\/v2\/posts\/128\/revisions\/168"}],"wp:attachment":[{"href":"https:\/\/raslamine.noblogs.org\/index.php?rest_route=%2Fwp%2Fv2%2Fmedia&parent=128"}],"wp:term":[{"taxonomy":"category","embeddable":true,"href":"https:\/\/raslamine.noblogs.org\/index.php?rest_route=%2Fwp%2Fv2%2Fcategories&post=128"},{"taxonomy":"post_tag","embeddable":true,"href":"https:\/\/raslamine.noblogs.org\/index.php?rest_route=%2Fwp%2Fv2%2Ftags&post=128"}],"curies":[{"name":"wp","href":"https:\/\/api.w.org\/{rel}","templated":true}]}}