{"id":1201,"date":"2025-10-29T17:00:39","date_gmt":"2025-10-29T16:00:39","guid":{"rendered":"https:\/\/raslamine.noblogs.org\/?p=1201"},"modified":"2025-11-12T16:36:40","modified_gmt":"2025-11-12T15:36:40","slug":"un-colis-suspect-decouvert-sur-le-site-conteste-de-la-nouvelle-carriere-de-quartz-en-dordogne","status":"publish","type":"post","link":"https:\/\/raslamine.noblogs.org\/?p=1201","title":{"rendered":"Un colis suspect d\u00e9couvert sur le site contest\u00e9 de la nouvelle carri\u00e8re de quartz en Dordogne"},"content":{"rendered":"<p>[ pomp\u00e9 sur <a href=\"https:\/\/www.francebleu.fr\/infos\/faits-divers-justice\/un-colis-suspect-decouvert-sur-le-site-conteste-de-la-nouvelle-carriere-de-quartz-d-imerys-a-thiviers-en-dordogne-6027970\">francebleu.fr<\/a> ]<\/p>\n<p><img loading=\"lazy\" decoding=\"async\" class=\"alignnone size-full wp-image-1202\" src=\"https:\/\/raslamine.noblogs.org\/files\/2025\/10\/1200x680.webp\" alt=\"\" width=\"1200\" height=\"680\" srcset=\"https:\/\/raslamine.noblogs.org\/files\/2025\/10\/1200x680.webp 1200w, https:\/\/raslamine.noblogs.org\/files\/2025\/10\/1200x680-300x170.webp 300w, https:\/\/raslamine.noblogs.org\/files\/2025\/10\/1200x680-1024x580.webp 1024w, https:\/\/raslamine.noblogs.org\/files\/2025\/10\/1200x680-768x435.webp 768w\" sizes=\"auto, (max-width: 1200px) 100vw, 1200px\" \/><\/p>\n<p class=\"standfirst g-ici-body-bold-1 svelte-ghdik2\">Info ICI P\u00e9rigord &#8211; Un colis suspect a \u00e9t\u00e9 d\u00e9couvert ce lundi 27 octobre sur le site de la nouvelle carri\u00e8re de quartz d&rsquo;Imerys \u00e0 Thiviers en Dordogne. Les d\u00e9mineurs venus de Bordeaux sont sur place.<\/p>\n<div class=\"IciBody \">\n<p><strong>Les d\u00e9mineurs de Bordeaux sont \u00e0 Thiviers<\/strong> en Dordogne ce lundi 27 octobre suite \u00e0 <strong>la d\u00e9couverte d&rsquo;un colis suspect<\/strong>\u00a0sur un chemin forestier sur le site de la nouvelle carri\u00e8re de quartz d&rsquo;Imerys selon les informations d&rsquo;ICI P\u00e9rigord. Le colis a \u00e9t\u00e9 retrouv\u00e9 vers \u00e0 la mi-journ\u00e9e par des salari\u00e9s qui ont d&rsquo;abord remarqu\u00e9 que des cl\u00f4tures avaient \u00e9t\u00e9 d\u00e9t\u00e9rior\u00e9es et coup\u00e9es. Ils ont ensuite d\u00e9couvert <strong>une bo\u00eete suspecte<\/strong> d\u00e9pos\u00e9e en \u00e9vidence. Ils ont pr\u00e9venu les secours. Un p\u00e9rim\u00e8tre de s\u00e9curit\u00e9 a \u00e9t\u00e9 mis en place avant l&rsquo;arriv\u00e9e des d\u00e9mineurs.<\/p>\n<div class=\"EmbedInread svelte-18lc864\"><\/div>\n<h3>Un colis qui s&rsquo;est av\u00e9r\u00e9 factice<\/h3>\n<p>Les d\u00e9mineurs ont examin\u00e9 le colis qui \u00e9tait en r\u00e9alit\u00e9 factice. Les gendarmes de Thiviers sont \u00e9galement intervenus sur place. <strong>L&rsquo;entreprise Imerys indique \u00e0 ICI P\u00e9rigord qu&rsquo;elle a d\u00e9pos\u00e9 plainte<\/strong> pour l&rsquo;intrusion sur son site.<\/p>\n<p>Contact\u00e9 par ICI P\u00e9rigord, le procureur de la R\u00e9publique de P\u00e9rigueux, Jacques Edouard Andrault, indique qu&rsquo;il ne souhaite pas communiquer pour le moment.<\/p>\n<h3>Une extension contest\u00e9e<\/h3>\n<p><a class=\"IciLink ici-link IciArticleLink g-ici-body-regular-1 underline brand svelte-lu7k6w\" href=\"https:\/\/www.francebleu.fr\/infos\/societe\/en-images-en-dordogne-l-une-des-plus-grosses-carrieres-de-quartz-s-equipe-d-une-nouvelle-technologie-4366350\">Imerys est install\u00e9e en Dordogne depuis une quarantaine d&rsquo;ann\u00e9es<\/a>\u00a0pour extraire le quartz utile dans la fabrication des cosm\u00e9tiques et des t\u00e9l\u00e9phones notamment et le groupe souhaite s&rsquo;agrandir.<\/p>\n<p><strong>L&rsquo;extension de la carri\u00e8re de quartz sur 40 hectares<\/strong> au lieu-dit Razac, \u00e0 Thiviers suscite l&rsquo;opposition d&rsquo;un collectif \u00ab\u00a0Sauvegardons Razac et la vall\u00e9e de C\u00f4le\u00a0\u00bb depuis plusieurs mois. Ce dernier a notamment <strong>manifest\u00e9 de mani\u00e8re pacifique<\/strong> avec des po\u00e8mes et de la musique le 22 octobre dernier pour d\u00e9noncer les coupes d&rsquo;arbres.<\/p>\n<h3>Un recours non suspensif d\u00e9pos\u00e9<\/h3>\n<p><strong>Le groupe Imerys a obtenu l&rsquo;ensemble des autorisations<\/strong> afin de mener \u00e0 bien son projet d&rsquo;extension. Les opposants ont d\u00e9pos\u00e9 un recours devant la justice pour tenter d&rsquo;arr\u00eater le projet. Ce recours n&rsquo;est pas suspensif, ce qui signifie que l&rsquo;abattage des arbres peut avoir lieu jusqu&rsquo;\u00e0 la date du 15 novembre, pour des questions environnementales.<\/p>\n<\/div>\n","protected":false},"excerpt":{"rendered":"<p>[ pomp\u00e9 sur francebleu.fr ] Info ICI P\u00e9rigord &#8211; Un colis suspect a \u00e9t\u00e9 d\u00e9couvert ce lundi 27 octobre sur le site de la nouvelle carri\u00e8re de quartz d&rsquo;Imerys \u00e0 Thiviers en Dordogne. Les d\u00e9mineurs venus de Bordeaux sont sur &hellip; <a href=\"https:\/\/raslamine.noblogs.org\/?p=1201\">Continuer la lecture <span class=\"meta-nav\">&rarr;<\/span><\/a><\/p>\n","protected":false},"author":19922,"featured_media":0,"comment_status":"closed","ping_status":"closed","sticky":false,"template":"","format":"standard","meta":{"footnotes":""},"categories":[3,1,37,35],"tags":[],"class_list":["post-1201","post","type-post","status-publish","format-standard","hentry","category-agitation","category-general","category-haute-vienne-dordogne","category-thiviers"],"_links":{"self":[{"href":"https:\/\/raslamine.noblogs.org\/index.php?rest_route=\/wp\/v2\/posts\/1201","targetHints":{"allow":["GET"]}}],"collection":[{"href":"https:\/\/raslamine.noblogs.org\/index.php?rest_route=\/wp\/v2\/posts"}],"about":[{"href":"https:\/\/raslamine.noblogs.org\/index.php?rest_route=\/wp\/v2\/types\/post"}],"author":[{"embeddable":true,"href":"https:\/\/raslamine.noblogs.org\/index.php?rest_route=\/wp\/v2\/users\/19922"}],"replies":[{"embeddable":true,"href":"https:\/\/raslamine.noblogs.org\/index.php?rest_route=%2Fwp%2Fv2%2Fcomments&post=1201"}],"version-history":[{"count":3,"href":"https:\/\/raslamine.noblogs.org\/index.php?rest_route=\/wp\/v2\/posts\/1201\/revisions"}],"predecessor-version":[{"id":1246,"href":"https:\/\/raslamine.noblogs.org\/index.php?rest_route=\/wp\/v2\/posts\/1201\/revisions\/1246"}],"wp:attachment":[{"href":"https:\/\/raslamine.noblogs.org\/index.php?rest_route=%2Fwp%2Fv2%2Fmedia&parent=1201"}],"wp:term":[{"taxonomy":"category","embeddable":true,"href":"https:\/\/raslamine.noblogs.org\/index.php?rest_route=%2Fwp%2Fv2%2Fcategories&post=1201"},{"taxonomy":"post_tag","embeddable":true,"href":"https:\/\/raslamine.noblogs.org\/index.php?rest_route=%2Fwp%2Fv2%2Ftags&post=1201"}],"curies":[{"name":"wp","href":"https:\/\/api.w.org\/{rel}","templated":true}]}}