{"id":119,"date":"2024-06-02T06:42:02","date_gmt":"2024-06-02T04:42:02","guid":{"rendered":"https:\/\/raslamine.noblogs.org\/?p=119"},"modified":"2024-06-21T11:47:05","modified_gmt":"2024-06-21T09:47:05","slug":"mine-de-lithium-dans-lallier-le-rapport-qui-devoile-une-bombe-toxique","status":"publish","type":"post","link":"https:\/\/raslamine.noblogs.org\/?p=119","title":{"rendered":"Mine de lithium dans l\u2019Allier : le rapport qui d\u00e9voile une bombe toxique"},"content":{"rendered":"<div class=\"excerpt\" data-v-2901241e=\"\">\n<p>[depuis <a href=\"https:\/\/disclose.ngo\/fr\/article\/mine-de-lithium-dans-lallier-le-rapport-qui-devoile-une-bombe-toxique\">disclose.ngo<\/a>]<\/p>\n<p><strong>Il y a un an, le gouvernement a annonc\u00e9 l\u2019ouverture, dans l\u2019Allier, de la plus grande mine de lithium d\u2019Europe. D\u2019apr\u00e8s un rapport in\u00e9dit r\u00e9v\u00e9l\u00e9 par Disclose et Investigate Europe, le secteur, fortement contamin\u00e9 \u00e0 l\u2019arsenic et au plomb, pr\u00e9sente \u00ab un risque significatif pour l\u2019environnement et la sant\u00e9 humaine \u00bb. Une v\u00e9ritable bombe \u00e0 retardement pass\u00e9e sous silence par les autorit\u00e9s.<\/strong><\/p>\n<\/div>\n<div data-v-2901241e=\"\">\n<p>Roger Konat\u00e9 est tr\u00e8s fier de son syst\u00e8me de pompage \u00ab\u00a0fait maison\u00a0\u00bb. D\u2019un geste de la main, il d\u00e9signe un tuyau qui, dans un imbroglio rafistol\u00e9, plonge dans le sol de son atelier pour rejoindre la source voisine. Pratique : de l\u2019eau \u00e0 volont\u00e9 pour boire, se laver, arroser, abreuver sa chienne et ses chats. Il y a 10 ans, apr\u00e8s la faillite de sa soci\u00e9t\u00e9 de s\u00e9curit\u00e9, le Marseillais de 56 ans a rachet\u00e9<em> \u00ab\u00a0la maison, le ruisseau, le terrain pour 10\u00a0000 euros !\u00a0\u00bb<\/em> Un bon plan trouv\u00e9 sur le site de petites annonces, <em>Viva street<\/em>.<\/p>\n<p>L\u2019ancien patron fait la visite de son petit paradis avec le ravissement de ceux qui ont tout r\u00e9nov\u00e9 de leurs mains. Autour de l\u2019homme d\u2019un m\u00e8tre quatre-vingt-dix, des arbres, le bruit de l\u2019eau et une v\u00e9g\u00e9tation qui couvre des vestiges de l\u2019ancien site minier du Mazet. Pendant plusieurs d\u00e9cennies, c\u2019est ici, sur la commune d\u2019\u00c9chassi\u00e8res, \u00e0 la fronti\u00e8re de l\u2019Allier et du Puy-de-D\u00f4me, entre Montlu\u00e7on et Clermont Ferrand, que les mineurs concassaient et nettoyaient le minerais. En 1962, \u00e0 la faveur d\u2019une baisse des cours, la mine a ferm\u00e9, rejoignant environ 3\u00a0000 autres sites fran\u00e7ais. Une fois les galeries bouch\u00e9es, les propri\u00e9taires sont partis, laissant les clefs \u00e0 l\u2019\u00c9tat. Ni l\u2019un ni l\u2019autre n\u2019a pris la peine de d\u00e9polluer les lieux.<\/p>\n<h2 class=\"wp-block-heading\">La fi\u00e8vre du lithium<\/h2>\n<p>Il y a un an, la commune d\u2019\u00c9chassi\u00e8res, 400 habitant\u00b7es, a fait la Une de la presse. Le 24 octobre 2022, Imerys, le g\u00e9ant fran\u00e7ais de l\u2019extraction, a annonc\u00e9 l\u2019ouverture prochaine de la plus grande mine de lithium d\u2019Europe. L\u2019extraction du lithium, pr\u00e9vue pour 2028, devrait permettre de fournir 700\u00a0000 batteries aux futures voitures \u00e9lectriques 100\u00a0% <em>made in France<\/em>, et cr\u00e9er <a href=\"https:\/\/emili.imerys.com\/presentation-du-projet-emili\" target=\"_blank\" rel=\"noreferrer noopener\">1 000 emplois directs et indirects<\/a>, selon l\u2019entreprise. Ce projet titanesque est baptis\u00e9 Emili pour \u00ab\u00a0Exploitation de Mica Lithinif\u00e8re par Imerys\u00a0\u00bb.<\/p>\n<p>Le jour m\u00eame, le gouvernement a embo\u00eet\u00e9 le pas. Emili serait le premier jalon de sa politique de transition vers les \u00e9nergies renouvelables. <a href=\"https:\/\/www.ecologie.gouv.fr\/france-2030-gouvernement-devoile-5-premiers-laureats-lappel-projets-metaux-critiques\" target=\"_blank\" rel=\"noreferrer noopener\">Soutenu financi\u00e8rement par l\u2019\u00c9tat<\/a>, le projet serait \u00ab\u00a0<em>exemplaire sur le plan environnemental et climatique<\/em>\u00a0\u00bb, selon le ministre de l\u2019\u00e9conomie Bruno Le Maire. \u00ab\u00a0<em>Le lithium sera extrait de mani\u00e8re responsable<\/em> \u00bb, promettait la ministre de la transition \u00e9nerg\u00e9tique, Agn\u00e8s Pannier-Runacher.<\/p>\n<p>Mais jusqu\u2019\u00e0 aujourd\u2019hui, un \u00e9l\u00e9ment est rest\u00e9 hors des radars : l\u2019extr\u00eame pollution du secteur o\u00f9 se trouve le permis d\u2019exploration attribu\u00e9 \u00e0 Imerys. \u00c0 cet endroit, \u00e0 cause de l\u2019activit\u00e9 mini\u00e8re pass\u00e9e, les sols et les eaux sont contamin\u00e9s \u00e0 l\u2019arsenic et au plomb. Jusqu\u2019\u00e0 plus de dix fois les seuils de risque, comme le r\u00e9v\u00e8le <a href=\"https:\/\/s3.documentcloud.org\/documents\/24174584\/rapport-geoderis.pdf\" target=\"_blank\" rel=\"noreferrer noopener\">un rapport alarmant<\/a> d\u00e9terr\u00e9 par Disclose et Investigate Europe (IE).<\/p>\n<h2 class=\"wp-block-heading\">Une concentration en arsenic sept fois sup\u00e9rieure au seuil<\/h2>\n<p>Ce rapport in\u00e9dit a \u00e9t\u00e9 r\u00e9dig\u00e9 en 2018 par Geoderis, le bureau d\u2019expertise public sp\u00e9cialis\u00e9 dans l\u2019apr\u00e8s-mine. D\u2019apr\u00e8s ses conclusions, le secteur o\u00f9 Imerys explore actuellement les sous-sols est class\u00e9 \u00ab\u00a0E\u00a0\u00bb, le plus haut niveau de pollution mini\u00e8re du pays. Emili repose donc sur une bombe toxique \u00ab\u00a0<em>susceptible de pr\u00e9senter un risque tr\u00e8s significatif pour la sant\u00e9 humaine et l\u2019environnement\u00a0\u00bb, <\/em>alerte Geoderis. Pourtant, trois ans apr\u00e8s la publication du rapport, en 2021, le permis d\u2019exploration d\u2019Imerys a \u00e9t\u00e9 renouvel\u00e9 par Agn\u00e8s Pannier-Runacher, alors ministre d\u00e9l\u00e9gu\u00e9e \u00e0 l\u2019industrie. Contact\u00e9, le minist\u00e8re de la transition \u00e9nerg\u00e9tique, qu\u2019elle dirige aujourd\u2019hui, n\u2019a pas souhait\u00e9 r\u00e9pondre \u00e0 nos questions.<\/p>\n<p>Dans le bourg d\u2019\u00c9chassi\u00e8res, les habitant\u00b7es que nous avons interrog\u00e9\u00b7es assurent n\u2019avoir jamais \u00e9t\u00e9 inform\u00e9\u00b7es des pollutions aux m\u00e9taux lourds. Ni par la pr\u00e9fecture de l\u2019Allier, ni par le maire, Fr\u00e9d\u00e9ric Dalaigre, qui a salu\u00e9 l\u2019annonce du projet dans la presse, mais qui a refus\u00e9 de r\u00e9pondre \u00e0 nos questions.<\/p>\n<p>\u00ab <em>Personne ne m\u2019a jamais dit que mon terrain \u00e9tait pollu\u00e9<\/em>, t\u00e9moigne Roger Konat\u00e9. <em>Il y a bien un agent qui est venu faire des pr\u00e9l\u00e8vements il y a quelques ann\u00e9es, mais je n\u2019ai plus jamais eu de nouvelles ensuite <\/em>\u00bb. Geoderis a pourtant consid\u00e9r\u00e9 que son terrain \u00e9tait fortement contamin\u00e9 aux m\u00e9taux lourds tels que le tungst\u00e8ne, le lithium, le plomb, le zinc, le cuivre et l\u2019arsenic.<\/p>\n<p>D\u2019apr\u00e8s les auteurs du rapport, la concentration en arsenic chez Roger Konat\u00e9 serait de 190mg\/kg*. Soit plus de sept fois le seuil de risque pr\u00e9vu <a href=\"https:\/\/www.has-sante.fr\/upload\/docs\/application\/pdf\/2020-07\/fiche_usager_arsenic_v5-150720.pdf\" target=\"_blank\" rel=\"noreferrer noopener\">par la Haute autorit\u00e9 de sant\u00e9<\/a> (HAS). Au-del\u00e0 des limites fix\u00e9es, l\u2019institution recommande \u00ab\u00a0<em>aux m\u00e9decins de prescrire un d\u00e9pistage <\/em>\u00bb. Outre le cancer de la peau, \u00ab\u00a0<em>l\u2019exposition prolong\u00e9e<\/em>\u00a0\u00bb \u00e0 l\u2019arsenic peut \u00ab<em>\u00a0provoquer des cancers de la vessie et des poumons<\/em>\u00a0\u00bb, selon l\u2019Organisation mondiale de la sant\u00e9 (OMS).<\/p>\n<figure class=\"wp-block-image alignfull size-large\"><\/figure>\n<p>Pour le plomb, les taux de contamination sur la propri\u00e9t\u00e9 de Roger Konat\u00e9, ont \u00e9t\u00e9 estim\u00e9s deux fois sup\u00e9rieurs \u00ab <em>aux valeurs d\u2019alertes propos\u00e9es par le Haut conseil de la sant\u00e9 publique<\/em> \u00bb. Les experts de Geoderis recommandent, l\u00e0-aussi, un d\u00e9pistage. De fait, \u00ab\u00a0<em>le plomb a des effets d\u00e9l\u00e9t\u00e8res \u00e0 long terme chez l\u2019adulte, notamment l\u2019augmentation du risque d\u2019hypertension art\u00e9rielle, de probl\u00e8mes cardiovasculaires et de l\u00e9sions r\u00e9nales <\/em>\u00bb, <a href=\"https:\/\/www.who.int\/fr\/news-room\/fact-sheets\/detail\/lead-poisoning-and-health\" target=\"_blank\" rel=\"noreferrer noopener\">constate<\/a> l\u2019OMS.<\/p>\n<blockquote class=\"wp-block-quote\"><p>&nbsp;<\/p><\/blockquote>\n<p><strong><em>\u00ab\u00a0La pr\u00e9fecture ne nous a jamais demand\u00e9 d\u2019avertir la populatio<\/em><\/strong>n\u00a0\u00bb<\/p>\n<p><cite>Le maire de Nades (Allier)<\/cite>Un peu plus loin, \u00e0 Nades, un hameau de 150 habitant\u00b7es, les experts se sont notamment arr\u00eat\u00e9s sur la propri\u00e9t\u00e9 de la famille C., avec jardin, trampoline et balan\u00e7oire. Deux enfants \u00e2g\u00e9s de 8 et 10 ans vivaient l\u00e0 au moment de l\u2019enqu\u00eate publique. Selon les recommandations de Geoderis, leurs parents auraient d\u00fb \u00eatre pr\u00e9venus imm\u00e9diatement afin qu\u2019ils puissent prendre des mesures, comme le lavage soign\u00e9 des mains. Pour cause : les enfants repr\u00e9sentent la cat\u00e9gorie de la population la plus sensible \u00e0 l\u2019exposition aux m\u00e9taux lourds. Contact\u00e9e par diff\u00e9rents moyens, la famille C. n\u2019a pas retourn\u00e9 nos demandes d\u2019entretien. Mais le maire de Nades, Henri-Claude Buvat, joint par t\u00e9l\u00e9phone, a \u00e9t\u00e9 tr\u00e8s clair : \u00ab<em>\u00a0Nous avons \u00e9t\u00e9 pr\u00e9venus des pollutions, mais la pr\u00e9fecture ne nous a jamais demand\u00e9 d\u2019avertir la population<\/em>\u00a0\u00bb. Un d\u00e9faut d\u2019information qui pourrait donner lieu au d\u00e9p\u00f4t d\u2019une<a href=\"https:\/\/www.legifrance.gouv.fr\/codes\/section_lc\/LEGITEXT000006070719\/LEGISCTA000006149828\/\" target=\"_blank\" rel=\"noreferrer noopener\"> plainte contre X pour mise en danger de la vie d\u2019autrui<\/a> par d\u2019\u00e9ventuelles victimes.<\/p>\n<p><em>\u00ab De toute fa\u00e7on, personne ne vit l\u00e0 \u00bb<\/em>, exp\u00e9die le cabinet de la pr\u00e9f\u00e8te, Pascale Trimbach. Les quelque 2\u00a0000 habitants d\u2019Echassi\u00e8res, de Nades et des villages limitrophes appr\u00e9cieront.<\/p>\n<p>Notre enqu\u00eate nous a \u00e9galement conduit au mus\u00e9e Wolframines<em>,<\/em> qui relate <em>\u00ab\u00a0le monde fascinant des min\u00e9raux\u00a0\u00bb<\/em>. Du moins, c\u2019est ce qu\u2019on peut lire au-dessus de la porte d\u2019entr\u00e9e, franchie chaque ann\u00e9e par des centaines d\u2019enfants en sortie scolaire.<\/p>\n<p>Ce 29 septembre, une dizaine d\u2019\u00e9coliers trifouillent dans un monticule de roche blanche. Il s\u2019agit du kaolin issue de la carri\u00e8re voisine, appartenant \u00e0 Imerys. Apr\u00e8s l\u2019atelier pratique, c\u2019est la pause sandwich sur l\u2019aire de pique-nique attenante au mus\u00e9e. Un terrain \u00ab <em>impact\u00e9 <\/em>\u00bb \u00e0 l\u2019arsenic, au tungst\u00e8ne et au lithium, rel\u00e8ve le rapport de Geoderis. Les experts ont recommand\u00e9 que soit sp\u00e9cifi\u00e9e la pr\u00e9sence d\u2019un ancien site minier sur place,\u00a0mais rien n\u2019a \u00e9t\u00e9 fait. Il n\u2019est pas non plus indiqu\u00e9, comme le pr\u00e9conise le rapport, la n\u00e9cessit\u00e9 du lavage des mains des enfants. \u00ab <em>\u00c7a ne se bouscule pas \u00e9norm\u00e9ment dans ce mus\u00e9e<\/em> \u00bb, ose la pr\u00e9fecture de l\u2019Allier pour justifier cette absence d\u2019information. La nouvelle campagne d\u2019exploration d\u2019Imerys pr\u00e9voit treize forages \u00e0 proximit\u00e9\u00a0du mus\u00e9e.<\/p>\n<h2 class=\"wp-block-heading\">D\u00e9rogations successives<\/h2>\n<p>Que se passera-t-il si Imerys creuse dans une terre d\u00e9j\u00e0 pollu\u00e9e ? Quid des nappes phr\u00e9atiques ? Ces questions, Nora et Coralie (pr\u00e9noms d\u2019emprunt), militantes de <em>Stop Mine 03<\/em> et <em>Pr\u00e9servons la for\u00eat des Colettes<\/em>, deux associations locales qui se battent contre l\u2019ouverture de la mine de lithium, se la posent depuis un an. Sans en conna\u00eetre la r\u00e9ponse.<\/p>\n<p>Nous avons donc soumis la carte des pollutions \u00e0 Laure Laffont, ing\u00e9nieure g\u00e9ochimiste de l\u2019universit\u00e9 de Toulouse. <em>\u00ab\u00a0Certains points \u00e0 haute teneur en arsenic et quelques-uns de plomb se situent sur le p\u00e9rim\u00e8tre d\u2019exploration de la mine de lithium<\/em>, rel\u00e8ve la sp\u00e9cialiste des m\u00e9taux lourds. <em>Il ne faut pas que ces sols soient en contact avec les eaux souterraines ou qu\u2019ils soient remobilis\u00e9s<\/em>\u00a0<em>dans le cadre de nouvelles entr\u00e9es de galeries<\/em> <em>\u00bb<\/em>. Comprendre, de nouveaux forages risqueraient de diss\u00e9miner un peu plus les m\u00e9taux d\u00e9j\u00e0 pr\u00e9sents dans les sols. Pour \u00e9viter la contamination des eaux, Laure Laffont pr\u00e9cise que <em>\u00ab\u00a0les galeries doivent \u00eatre faites de sorte \u00e0 ce que l\u2019\u00e9coulement des eaux souterraines ne change pas<\/em>\u00a0<em>\u00bb<\/em>. L\u2019autre risque d\u2019exposition aux m\u00e9taux toxiques pourrait venir des airs <em>\u00ab\u00a0avec toutes les particules \u00e9mises lors du forage<\/em>\u00a0<em>\u00bb<\/em>, selon Cl\u00e9ment Evrard, directeur de recherche au CNRS, \u00e9galement consult\u00e9 par Disclose.<\/p>\n<p>Interrog\u00e9, Imerys assure avoir pris en compte <em>\u00ab\u00a0toutes les zones identifi\u00e9es dans le rapport Geoderis<\/em>\u00a0<em>\u00bb<\/em>. Selon l\u2019entreprise, \u00ab\u00a0<em>l\u2019exploitation<\/em>\u00a0<em>\u00bb<\/em> \u00e9tant situ\u00e9e \u00e0 <em>\u00ab\u00a0une profondeur d\u2019au moins 50 m\u00e8tres de la surface et isol\u00e9e dans un bloc de granit compact<\/em> (\u2026) <em>la terre ne va pas \u00eatre remu\u00e9e\u00a0\u00bb<\/em>. Elle ajoute que des <em>\u00ab\u00a0\u00e9tudes environnementales sont en cours et leurs conclusions seront rendues publiques lors du d\u00e9p\u00f4t du dossier de demande d\u2019autorisation<\/em>\u00a0<em>\u00bb<\/em>.<\/p>\n<p>Il \u00e9tait temps. Depuis 2021, l\u2019entreprise \u00e9chappe \u00e0 toute enqu\u00eate ind\u00e9pendante. Avant toute campagne de forage, la r\u00e9glementation impose en effet la r\u00e9alisation d\u2019une \u00e9tude pour \u00e9valuer l\u2019impact du projet. Mais \u00e0 trois reprises, en 2021, 2022 et 2023, Imerys en a <a href=\"https:\/\/emili.imerys.com\/dossiers-reglementaires-et-autorisations-du-projet-emili\" target=\"_blank\" rel=\"noreferrer noopener\">\u00e9t\u00e9 dispens\u00e9e par la pr\u00e9fecture<\/a> et son service charg\u00e9 de l\u2019environnement : la DREAL. Certes, l\u2019entreprise a r\u00e9alis\u00e9 son propre <a href=\"https:\/\/emili.imerys.com\/public\/2023-02\/Dossier-declaration-ouverture-travaux-miniers-Rn23026-Imerys-Echassieres-Phase3_V01_2023-janvier.pdf\" target=\"_blank\" rel=\"noreferrer noopener\">rapport<\/a>, mais celui-ci, publi\u00e9 en janvier 2023, n\u2019a pas pris en compte les pollutions pr\u00e9-existantes. Il laisse m\u00eame entendre que les forages n\u2019auront aucun impact sur les eaux souterraines : <em>\u00ab\u00a0Aucun p\u00e9rim\u00e8tre de protection des eaux n\u2019est concern\u00e9 par le p\u00e9rim\u00e8tre du [projet d\u2019Imerys]. Actuellement, les eaux sont donc principalement destin\u00e9es \u00e0 l\u2019arrosage et servent \u00e0 abreuver les troupeaux<\/em>\u00a0<em>\u00bb<\/em>.Des b\u00eates potentiellement contamin\u00e9es, elles aussi, tout comme des jardins potagers. Le secteur comprend en effet plusieurs dizaines d\u2019\u00e9levages de bovins essentiellement destin\u00e9s \u00e0 la vente et l\u2019auto-consommation. Ces animaux doivent absolument \u00e9viter certains p\u00e2turages contamin\u00e9s. Des exploitations dont Geoderis recommandait de condamner l\u2019acc\u00e8s il y a six ans d\u00e9j\u00e0.<\/p>\n<\/div>\n","protected":false},"excerpt":{"rendered":"<p>[depuis disclose.ngo] Il y a un an, le gouvernement a annonc\u00e9 l\u2019ouverture, dans l\u2019Allier, de la plus grande mine de lithium d\u2019Europe. D\u2019apr\u00e8s un rapport in\u00e9dit r\u00e9v\u00e9l\u00e9 par Disclose et Investigate Europe, le secteur, fortement contamin\u00e9 \u00e0 l\u2019arsenic et au &hellip; <a href=\"https:\/\/raslamine.noblogs.org\/?p=119\">Continuer la lecture <span class=\"meta-nav\">&rarr;<\/span><\/a><\/p>\n","protected":false},"author":19922,"featured_media":120,"comment_status":"closed","ping_status":"closed","sticky":false,"template":"","format":"standard","meta":{"footnotes":""},"categories":[15,26],"tags":[],"class_list":["post-119","post","type-post","status-publish","format-standard","has-post-thumbnail","hentry","category-allier","category-emili"],"_links":{"self":[{"href":"https:\/\/raslamine.noblogs.org\/index.php?rest_route=\/wp\/v2\/posts\/119","targetHints":{"allow":["GET"]}}],"collection":[{"href":"https:\/\/raslamine.noblogs.org\/index.php?rest_route=\/wp\/v2\/posts"}],"about":[{"href":"https:\/\/raslamine.noblogs.org\/index.php?rest_route=\/wp\/v2\/types\/post"}],"author":[{"embeddable":true,"href":"https:\/\/raslamine.noblogs.org\/index.php?rest_route=\/wp\/v2\/users\/19922"}],"replies":[{"embeddable":true,"href":"https:\/\/raslamine.noblogs.org\/index.php?rest_route=%2Fwp%2Fv2%2Fcomments&post=119"}],"version-history":[{"count":3,"href":"https:\/\/raslamine.noblogs.org\/index.php?rest_route=\/wp\/v2\/posts\/119\/revisions"}],"predecessor-version":[{"id":123,"href":"https:\/\/raslamine.noblogs.org\/index.php?rest_route=\/wp\/v2\/posts\/119\/revisions\/123"}],"wp:featuredmedia":[{"embeddable":true,"href":"https:\/\/raslamine.noblogs.org\/index.php?rest_route=\/wp\/v2\/media\/120"}],"wp:attachment":[{"href":"https:\/\/raslamine.noblogs.org\/index.php?rest_route=%2Fwp%2Fv2%2Fmedia&parent=119"}],"wp:term":[{"taxonomy":"category","embeddable":true,"href":"https:\/\/raslamine.noblogs.org\/index.php?rest_route=%2Fwp%2Fv2%2Fcategories&post=119"},{"taxonomy":"post_tag","embeddable":true,"href":"https:\/\/raslamine.noblogs.org\/index.php?rest_route=%2Fwp%2Fv2%2Ftags&post=119"}],"curies":[{"name":"wp","href":"https:\/\/api.w.org\/{rel}","templated":true}]}}