{"id":1154,"date":"2025-10-27T17:00:15","date_gmt":"2025-10-27T16:00:15","guid":{"rendered":"https:\/\/raslamine.noblogs.org\/?p=1154"},"modified":"2025-10-28T18:27:42","modified_gmt":"2025-10-28T17:27:42","slug":"nouvelle-carriere-dimerys-les-travaux-ont-commence-en-dordogne","status":"publish","type":"post","link":"https:\/\/raslamine.noblogs.org\/?p=1154","title":{"rendered":"Nouvelle carri\u00e8re d\u2019Imerys\u00a0: les travaux ont commenc\u00e9 en Dordogne"},"content":{"rendered":"<p class=\"h1_20\">[ pomp\u00e9 sur <a href=\"https:\/\/reporterre.net\/Nouvelle-carriere-d-Imerys-les-travaux-ont-commence-en-Dordogne\">reporterre.net<\/a> ]<\/p>\n<h5><img loading=\"lazy\" decoding=\"async\" class=\"alignnone size-full wp-image-1155\" src=\"https:\/\/raslamine.noblogs.org\/files\/2025\/10\/signal-2025-10-23-165325_015-cfd8d.jpg@.webp\" alt=\"\" width=\"720\" height=\"480\" srcset=\"https:\/\/raslamine.noblogs.org\/files\/2025\/10\/signal-2025-10-23-165325_015-cfd8d.jpg@.webp 720w, https:\/\/raslamine.noblogs.org\/files\/2025\/10\/signal-2025-10-23-165325_015-cfd8d.jpg@-300x200.webp 300w\" sizes=\"auto, (max-width: 720px) 100vw, 720px\" \/>4 hectares de bois ont \u00e9t\u00e9 abattus, le 22 octobre 2025, pour le nouveau site d&rsquo;Imerys en Dordogne. <span class=\"copyright_logo\"><br \/>\n<\/span><\/h5>\n<div class=\"texte\">\n<p>4 hectares de bois ont \u00e9t\u00e9 abattus, le 22\u00a0octobre, sur le chantier de la carri\u00e8re de quartz de l\u2019entreprise Imerys \u00e0 Razac, pr\u00e8s de Thiviers (Dordogne). L\u2019association d\u2019opposants Sauvegardons Razac et le bassin de la C\u00f4le avait mobilis\u00e9 une cinquantaine de personnes pour s\u2019opposer \u00e0 ces travaux, sans succ\u00e8s.<\/p>\n<p>Au petit matin, une abatteuse s\u2019est attaqu\u00e9e \u00e0 une pin\u00e8de, selon les militants interrog\u00e9s par <i>Reporterre<\/i>. <i>\u00ab<small class=\"fine d-inline\">\u00a0<\/small>Une centaine de forces de l\u2019ordre ont quadrill\u00e9 les bois et contr\u00f4l\u00e9 les routes pour emp\u00eacher les gens de circuler et de se r\u00e9unir<small class=\"fine d-inline\">\u00a0<\/small>\u00bb<\/i>, a d\u00e9clar\u00e9 \u00e0 <i>Reporterre<\/i> Fran\u00e7ois, membre de l\u2019association.<\/p>\n<p>Un des manifestants a \u00e9t\u00e9 plac\u00e9 en garde \u00e0 vue. Une militante qui a grandi sur ces terres a entam\u00e9 une gr\u00e8ve de la faim et de la soif. <i>\u00ab<small class=\"fine d-inline\">\u00a0<\/small>C\u2019est une question d\u2019urgence. L\u2019id\u00e9e, c\u2019est \u201cJe m\u2019arr\u00eate de boire si l\u2019eau arr\u00eate de couler\u2019\u2019<small class=\"fine d-inline\">\u00a0<\/small>\u00bb<\/i>, d\u00e9plore-t-elle aupr\u00e8s de <i><a class=\"spip_out\" href=\"https:\/\/www.sudouest.fr\/dordogne\/thiviers\/projet-de-carriere-en-dordogne-c-est-une-question-d-urgence-les-opposants-plus-que-jamais-mobilises-26444401.php\" target=\"_blank\" rel=\"external noopener\">Sud-Ouest<\/a><\/i>.<\/p>\n<h5><img loading=\"lazy\" decoding=\"async\" class=\"alignnone size-full wp-image-1156\" src=\"https:\/\/raslamine.noblogs.org\/files\/2025\/10\/signal-2025-10-23-165325_010-6847b.jpg@.webp\" alt=\"\" width=\"1050\" height=\"700\" srcset=\"https:\/\/raslamine.noblogs.org\/files\/2025\/10\/signal-2025-10-23-165325_010-6847b.jpg@.webp 1050w, https:\/\/raslamine.noblogs.org\/files\/2025\/10\/signal-2025-10-23-165325_010-6847b.jpg@-300x200.webp 300w, https:\/\/raslamine.noblogs.org\/files\/2025\/10\/signal-2025-10-23-165325_010-6847b.jpg@-1024x683.webp 1024w, https:\/\/raslamine.noblogs.org\/files\/2025\/10\/signal-2025-10-23-165325_010-6847b.jpg@-768x512.webp 768w\" sizes=\"auto, (max-width: 1050px) 100vw, 1050px\" \/>Les forces de l\u2019\u00c9tat d\u00e9p\u00each\u00e9es sur place.<\/h5>\n<p>Depuis le 1<sup class=\"typo_exposants\">er<\/sup>\u00a0septembre, date d\u2019autorisation pour d\u00e9fricher les parcelles, les militants avaient install\u00e9 une vigie permanente en face du site menac\u00e9. Mais pour la pr\u00e9fecture de Dordogne, ces travaux sont tout \u00e0 fait l\u00e9gaux. <i>\u00ab<small class=\"fine d-inline\">\u00a0<\/small>Une autorisation a \u00e9t\u00e9 d\u00e9livr\u00e9e le 3\u00a0juillet 2024 sur la foi d\u2019une \u00e9tude d\u2019impact favorable et des avis de la <span class=\"caps\">MRAE<\/span> [mission r\u00e9gionale d\u2019autorit\u00e9 environnementale] et de l\u2019enqu\u00eate publique qui l\u2019\u00e9tait \u00e9galement<small class=\"fine d-inline\">\u00a0<\/small>\u00bb<\/i>, a d\u00e9clar\u00e9 dans <a class=\"spip_out\" href=\"https:\/\/www.sudouest.fr\/dordogne\/thiviers\/projet-de-carriere-en-dordogne-le-ton-se-durcit-26433931.php\" target=\"_blank\" rel=\"external noopener\"><i>Sud-Ouest<\/i><\/a> Marin Lassalle, le directeur de cabinet de la pr\u00e9f\u00e8te de Dordogne.<\/p>\n<p>L\u2019association compte d\u00e9poser un recours au contentieux pour d\u00e9noncer l\u2019absence de d\u00e9rogation \u00e0 la destruction d\u2019esp\u00e8ces prot\u00e9g\u00e9es, et l\u2019absence de prise en compte des cours d\u2019eau dans l\u2019\u00e9tude d\u2019impact.<\/p>\n<p>Le groupe Imerys, qui exploite d\u00e9j\u00e0 une carri\u00e8re de quartz \u00e0 quelques kilom\u00e8tres, souhaite y cr\u00e9er un nouveau site sur 40\u00a0hectares de parcelles bois\u00e9es et agricoles. Il souhaite extraire \u00e0 sec des galets de quartz, r\u00e9cup\u00e9r\u00e9s sur plusieurs m\u00e8tres de profondeur, et en extraire du silicium, comme l\u2019explique <a class=\"spip_out\" href=\"https:\/\/france3-regions.franceinfo.fr\/nouvelle-aquitaine\/dordogne\/perigueux\/un-projet-de-carriere-de-quartz-cristallise-les-tensions-200-manifestants-reunis-contre-sa-creation-3131176.html\" target=\"_blank\" rel=\"external noopener\">France 3<\/a>.<\/p>\n<p>Apr\u00e8s ce d\u00e9frichement, les opposants redoutent le d\u00e9but de l\u2019exploitation de la carri\u00e8re. Ils appellent \u00e0 une manifestation \u00e0 Thiviers le 1<sup class=\"typo_exposants\">er<\/sup>\u00a0novembre.<\/p>\n<\/div>\n","protected":false},"excerpt":{"rendered":"<p>4 hectares de bois ont \u00e9t\u00e9 abattus, le 22 octobre 2025, pour le nouveau site d&rsquo;Imerys en Dordogne. &#8211; DR<\/p>\n<p>4 hectares de bois ont \u00e9t\u00e9 abattus, le 22\u00a0octobre, sur le chantier de la carri\u00e8re de quartz de l\u2019entreprise Imerys \u00e0 Razac, pr\u00e8s de Thiviers (Dordogne). L\u2019association d\u2019opposants Sauvegardons <a href=\"https:\/\/raslamine.noblogs.org\/?p=1154\">Continuer la lecture <span class=\"meta-nav\">&rarr;<\/span><\/a><\/p>\n","protected":false},"author":19922,"featured_media":0,"comment_status":"closed","ping_status":"closed","sticky":false,"template":"","format":"standard","meta":{"footnotes":""},"categories":[1,37,35],"tags":[],"class_list":["post-1154","post","type-post","status-publish","format-standard","hentry","category-general","category-haute-vienne-dordogne","category-thiviers"],"_links":{"self":[{"href":"https:\/\/raslamine.noblogs.org\/index.php?rest_route=\/wp\/v2\/posts\/1154","targetHints":{"allow":["GET"]}}],"collection":[{"href":"https:\/\/raslamine.noblogs.org\/index.php?rest_route=\/wp\/v2\/posts"}],"about":[{"href":"https:\/\/raslamine.noblogs.org\/index.php?rest_route=\/wp\/v2\/types\/post"}],"author":[{"embeddable":true,"href":"https:\/\/raslamine.noblogs.org\/index.php?rest_route=\/wp\/v2\/users\/19922"}],"replies":[{"embeddable":true,"href":"https:\/\/raslamine.noblogs.org\/index.php?rest_route=%2Fwp%2Fv2%2Fcomments&post=1154"}],"version-history":[{"count":3,"href":"https:\/\/raslamine.noblogs.org\/index.php?rest_route=\/wp\/v2\/posts\/1154\/revisions"}],"predecessor-version":[{"id":1174,"href":"https:\/\/raslamine.noblogs.org\/index.php?rest_route=\/wp\/v2\/posts\/1154\/revisions\/1174"}],"wp:attachment":[{"href":"https:\/\/raslamine.noblogs.org\/index.php?rest_route=%2Fwp%2Fv2%2Fmedia&parent=1154"}],"wp:term":[{"taxonomy":"category","embeddable":true,"href":"https:\/\/raslamine.noblogs.org\/index.php?rest_route=%2Fwp%2Fv2%2Fcategories&post=1154"},{"taxonomy":"post_tag","embeddable":true,"href":"https:\/\/raslamine.noblogs.org\/index.php?rest_route=%2Fwp%2Fv2%2Ftags&post=1154"}],"curies":[{"name":"wp","href":"https:\/\/api.w.org\/{rel}","templated":true}]}}