{"id":1152,"date":"2025-10-27T17:00:12","date_gmt":"2025-10-27T16:00:12","guid":{"rendered":"https:\/\/raslamine.noblogs.org\/?p=1152"},"modified":"2025-10-28T18:30:48","modified_gmt":"2025-10-28T17:30:48","slug":"carriere-de-quartz-de-razac-les-opposants-preparent-une-nouvelle-mobilisation","status":"publish","type":"post","link":"https:\/\/raslamine.noblogs.org\/?p=1152","title":{"rendered":"Carri\u00e8re de quartz de Razac : les opposants pr\u00e9parent une nouvelle mobilisation"},"content":{"rendered":"<div class=\"article-header article-info\">\n<div class=\"article-header-main-info back-button-target-horizon\">\n<p class=\"page-title\">[pomp\u00e9 sur <a href=\"https:\/\/www.dordognelibre.fr\/dordogne\/carriere-de-quartz-de-razac-les-opposants-preparent-une-nouvelle-mobilisation-26461918.php\">dordognelibre.fr<\/a> ]<\/p>\n<h5><img loading=\"lazy\" decoding=\"async\" src=\"https:\/\/media.dordognelibre.fr\/26461918\/600x600\/chantier-de-razac-quartz-francois-1.jpg\" alt=\"Fran\u00e7ois, un des porte-parole de l\u2019association Sauvegardons Razac et le Bassin de la C\u00f4le, s\u2019oppose au chantier d\u2019extraction de quartz.\" width=\"320\" height=\"320\" \/><br \/>\nFran\u00e7ois, un des porte-parole de l\u2019association Sauvegardons Razac et le Bassin de la C\u00f4le, s\u2019oppose au chantier d\u2019extraction de quartz.<\/h5>\n<\/div>\n<\/div>\n<div class=\"row no-overflow\">\n<div class=\"col-lg-2-3 main-content\">\n<article class=\"article\" role=\"article\">\n<div class=\"article-content poool-content article-article\">\n<div id=\"excerpt-block\" class=\"excerpt\">\n<p>Apr\u00e8s l\u2019abattage de quatre hectares de feuillus, l\u2019association Sauvegardons Razac et le Bassin de la C\u00f4le pr\u00e9voit plusieurs actions dont une manifestation le 1er\u00a0novembre.<\/p>\n<\/div>\n<div class=\"full-content loaded\">\n<p><span class=\"lettrine-true\">C<\/span>e sont quatre hectares de feuillus qui ont \u00e9t\u00e9 abattus le 22\u00a0octobre, au lieu-dit Razac, sur la commune de Thiviers, sur le terrain du futur chantier d\u2019extractions de quartz d\u2019Imerys, soci\u00e9t\u00e9 sp\u00e9cialis\u00e9e dans la production et transformation de min\u00e9raux pour un usage industriel. Cette entreprise exploite depuis une quarantaine d\u2019ann\u00e9es plusieurs sites en France dont celui de Saint-Jean-de-C\u00f4le.<\/p>\n<p>Depuis septembre 2024, l\u2019association Sauvegardons Razac et le bassin de la C\u00f4le est mobilis\u00e9e contre ce projet de carri\u00e8re d\u2019environ 45\u00a0hectares. Elle r\u00e9unit une centaine d\u2019adh\u00e9rents et de nombreux sympathisants, et notamment les riverains de la d\u00e9partementale 77, oppos\u00e9s au projet.<\/p>\n<h2 class=\"article-subtitle\">Des am\u00e9nagements depuis fin juillet<\/h2>\n<p>\u00ab Il y a eu, certes, une autorisation pr\u00e9fectorale en juillet 2025 apr\u00e8s une enqu\u00eate publique r\u00e9alis\u00e9e au c\u0153ur de l\u2019\u00e9t\u00e9 2024. Celle-ci a donn\u00e9 lieu \u00e0 un avis favorable, malgr\u00e9 des r\u00e9serves concernant la RD 77. Nous contestons la l\u00e9galit\u00e9 du projet car nous consid\u00e9rons qu\u2019aucune \u00e9tude d\u2019impact contradictoire n\u2019a \u00e9t\u00e9 men\u00e9e, ni par les services de l\u2019\u00c9tat, ni par les \u00e9lus locaux. Nous avons \u00e9tabli un rapport r\u00e9alis\u00e9 \u00e0 partir d\u2019\u00e9tudes scientifiques, qui va \u00eatre publi\u00e9 la semaine prochaine. Il met en lumi\u00e8re que cette carri\u00e8re menace une dizaine d\u2019esp\u00e8ces prot\u00e9g\u00e9es, l\u2019existence m\u00eame de cours d\u2019eau \u00bb, explique Fran\u00e7ois, un des porte-paroles de l\u2019association. Les opposants d\u00e9noncent depuis le d\u00e9part, le manque de dialogue avec la population et les riverains. \u00ab Im\u00e9rys pr\u00e9voit le passage d\u2019une quarantaine de camions charg\u00e9s de cailloux sur cette route \u00e9troite assez sinueuse lorsque le site sera exploit\u00e9. \u00bb<\/p>\n<h5><img loading=\"lazy\" decoding=\"async\" id=\"26463206\" class=\"\" src=\"https:\/\/media.dordognelibre.fr\/26461918\/1200x-1\/chantier-de-razac-quartz-feuillus-detruits-2.jpg?v=1761376503\" alt=\"Quatre hectares de feuillus ont \u00e9t\u00e9 coup\u00e9s sur le site.\" width=\"577\" height=\"433\" \/><br \/>\nQuatre hectares de feuillus ont \u00e9t\u00e9 coup\u00e9s sur le site.<\/h5>\n<\/div>\n<\/div>\n<\/article>\n<\/div>\n<\/div>\n<p>Depuis cet \u00e9t\u00e9, les travaux d\u2019am\u00e9nagements ont \u00e9t\u00e9 r\u00e9alis\u00e9s par le D\u00e9partement sur la RD\u00a077, pour permettre le passage des camions et des engins de chantier. \u00ab\u00a0Le site a commenc\u00e9 \u00e0 \u00eatre am\u00e9nag\u00e9 pour pouvoir d\u00e9buter l\u2019extraction. Par exemple, des chemins ont \u00e9t\u00e9 cr\u00e9\u00e9s avec pour incidence de d\u00e9truire des habitats d\u2019esp\u00e8ces prot\u00e9g\u00e9es dont le sonneur \u00e0 ventre jaune, un petit crapaud tr\u00e8s prot\u00e9g\u00e9 au niveau national. Une fosse a d\u00e9j\u00e0 \u00e9t\u00e9 creus\u00e9e et pr\u00eate \u00e0 l\u2019extraction\u00a0\u00bb poursuit le repr\u00e9sentant de l\u2019association.<\/p>\n<h2 class=\"article-subtitle\">Un recours au contentieux<\/h2>\n<p>Le 22\u00a0octobre, <a href=\"https:\/\/www.dordognelibre.fr\/dordogne\/thiviers\/malgre-la-colere-d-une-association-locale-les-travaux-d-extraction-de-quartz-ont-debute-vers-thiviers-26442304.php\" target=\"_blank\" rel=\"nofollow noopener\">une cinquantaine d\u2019opposants ont tent\u00e9 de s\u2019opposer<\/a> aux travaux de d\u00e9forestation sans succ\u00e8s. Depuis le 1er\u00a0septembre, date d\u2019autorisation de d\u00e9fricher les parcelles, les opposants avaient install\u00e9 une vigie en face du site menac\u00e9, vigie qui a disparu depuis. \u00ab\u00a0Nous agissons depuis un an, dans une forme de r\u00e9action permanente avec le sentiment d\u2019\u00eatre mis devant le fait accompli. Nous demandons l\u2019arr\u00eat pur et simple de ce site d\u2019extraction au vu de la mani\u00e8re dont il a \u00e9t\u00e9 pr\u00e9sent\u00e9,\u00a0\u00bb poursuit Fran\u00e7ois qui pr\u00e9cise qu\u2019il s\u2019agit d\u2019une exploitation tr\u00e8s gourmande en foncier. L\u2019association demande \u00e9galement la tenue d\u2019un d\u00e9bat \u00e0 l\u2019\u00e9chelle de territoire du pays thib\u00e9rien.<\/p>\n<p>L\u2019association compte d\u00e9poser un recours au contentieux pour d\u00e9noncer l\u2019absence de d\u00e9rogation \u00e0 la destruction d\u2019esp\u00e8ces prot\u00e9g\u00e9es, et l\u2019absence de prise en compte des cours d\u2019eau dans l\u2019\u00e9tude d\u2019impact. Apr\u00e8s le d\u00e9frichage intervenu le 22\u00a0octobre les opposants redoutent le d\u00e9but de l\u2019exploitation de la carri\u00e8re, dans des d\u00e9lais rapides. Ils appellent \u00e0 une manifestation \u00e0 Thiviers le 1er\u00a0novembre.<\/p>\n<p>Contact\u00e9e par \u00ab\u00a0DL\u00a0\u00bb, la pr\u00e9fecture r\u00e9it\u00e8re la r\u00e9ponse qu\u2019elle avait formul\u00e9e hier dans ces m\u00eames colonnes en rappelant l\u2019autorisation du projet par <a href=\"https:\/\/www.dordogne.gouv.fr\/Actions-de-l-Etat\/Environnement-Eau-Biodiversite-Risques\/Installations-classees-pour-la-protection-de-l-environnement\/Decisions-relatives-aux-installations-classees-pour-la-protection-de-l-environnement-ICPE\/Juillet-2025\/Arrete-prefectoral-d-autorisation-SAS-IMERYS-CERAMICS-FRANCE\" target=\"_blank\" rel=\"nofollow noopener\">arr\u00eat\u00e9 pr\u00e9fectoral en date du 3\u00a0juillet 2025<\/a> apr\u00e8s une \u00e9tude d\u2019impact environnementale et le fait que \u00ab\u00a0l\u2019exploitation de cette carri\u00e8re contribue \u00e0 notre souverainet\u00e9 nationale et europ\u00e9enne\u00a0\u00bb dans la production de galets de quartz qui \u00ab\u00a0permettront de produire du silicium, mati\u00e8re class\u00e9e comme critique pour l\u2019Europe\u00a0\u00bb.<\/p>\n<div class=\"encart\">\n<h2>Une manifestation pr\u00e9vue le 1er\u00a0novembre<\/h2>\n<p>L\u2019association d\u2019opposants \u00ab\u00a0sauvegardons Razac et le Bassin de la C\u00f4le organise le 1er\u00a0novembre, une manifestation dans les rues de Thiviers. Le rendez-vous est fix\u00e9 \u00e0 14h30, place de la R\u00e9publique. Cette d\u00e9ambulation dans le centre-ville sera suivie par l\u2019organisation d\u2019une table ronde intitul\u00e9e \u00ab Extractivisme ni ici ni ailleurs\u00a0\u00bb, avec comme invit\u00e9s Juan Pablo Gutierrez (originaire de Colombie) et David Maenda Kithoko (Congo), deux militants autochtones qui d\u00e9noncent la destruction de leur territoire dans leur pays d\u2019origine par l\u2019industrie mini\u00e8re. \u00ab\u00a0Nous pr\u00e9senterons \u00e0 cette occasion les r\u00e9sultats de toute l\u2019enqu\u00eate que nous avons men\u00e9e depuis l\u2019an pass\u00e9 \u00bb, explique Fran\u00e7ois, le porte-parole de l\u2019association. <u>Contact : sauvegardons-razac@protonmail.com<\/u><\/p>\n<h5><img loading=\"lazy\" decoding=\"async\" id=\"26463207\" class=\"\" src=\"https:\/\/media.dordognelibre.fr\/26461918\/1200x-1\/chantier-de-razac-quartz-imerys-3.jpg?v=1761376503\" alt=\"Un panneau marque l\u2019entr\u00e9e de la carri\u00e8re.\" width=\"513\" height=\"385\" \/><br \/>\nUn panneau marque l\u2019entr\u00e9e de la carri\u00e8re.<\/h5>\n<\/div>\n","protected":false},"excerpt":{"rendered":"<p>Apr\u00e8s l\u2019abattage de quatre hectares de feuillus, l\u2019association Sauvegardons Razac et le Bassin de la C\u00f4le pr\u00e9voit plusieurs actions dont une manifestation le 1er\u00a0novembre.<\/p>\n<p>Ce sont quatre hectares de feuillus qui ont \u00e9t\u00e9 abattus le 22\u00a0octobre, au lieu-dit Razac, sur la commune de Thiviers, sur le terrain du futur chantier d\u2019extractions de quartz d\u2019Imerys, soci\u00e9t\u00e9 <a href=\"https:\/\/raslamine.noblogs.org\/?p=1152\">Continuer la lecture <span class=\"meta-nav\">&rarr;<\/span><\/a><\/p>\n","protected":false},"author":19922,"featured_media":0,"comment_status":"closed","ping_status":"closed","sticky":false,"template":"","format":"standard","meta":{"footnotes":""},"categories":[30,1,37,35],"tags":[],"class_list":["post-1152","post","type-post","status-publish","format-standard","hentry","category-diffusion","category-general","category-haute-vienne-dordogne","category-thiviers"],"_links":{"self":[{"href":"https:\/\/raslamine.noblogs.org\/index.php?rest_route=\/wp\/v2\/posts\/1152","targetHints":{"allow":["GET"]}}],"collection":[{"href":"https:\/\/raslamine.noblogs.org\/index.php?rest_route=\/wp\/v2\/posts"}],"about":[{"href":"https:\/\/raslamine.noblogs.org\/index.php?rest_route=\/wp\/v2\/types\/post"}],"author":[{"embeddable":true,"href":"https:\/\/raslamine.noblogs.org\/index.php?rest_route=\/wp\/v2\/users\/19922"}],"replies":[{"embeddable":true,"href":"https:\/\/raslamine.noblogs.org\/index.php?rest_route=%2Fwp%2Fv2%2Fcomments&post=1152"}],"version-history":[{"count":8,"href":"https:\/\/raslamine.noblogs.org\/index.php?rest_route=\/wp\/v2\/posts\/1152\/revisions"}],"predecessor-version":[{"id":1180,"href":"https:\/\/raslamine.noblogs.org\/index.php?rest_route=\/wp\/v2\/posts\/1152\/revisions\/1180"}],"wp:attachment":[{"href":"https:\/\/raslamine.noblogs.org\/index.php?rest_route=%2Fwp%2Fv2%2Fmedia&parent=1152"}],"wp:term":[{"taxonomy":"category","embeddable":true,"href":"https:\/\/raslamine.noblogs.org\/index.php?rest_route=%2Fwp%2Fv2%2Fcategories&post=1152"},{"taxonomy":"post_tag","embeddable":true,"href":"https:\/\/raslamine.noblogs.org\/index.php?rest_route=%2Fwp%2Fv2%2Ftags&post=1152"}],"curies":[{"name":"wp","href":"https:\/\/api.w.org\/{rel}","templated":true}]}}