{"id":1145,"date":"2025-10-25T17:00:27","date_gmt":"2025-10-25T15:00:27","guid":{"rendered":"https:\/\/raslamine.noblogs.org\/?p=1145"},"modified":"2025-10-24T18:07:35","modified_gmt":"2025-10-24T16:07:35","slug":"1145","status":"publish","type":"post","link":"https:\/\/raslamine.noblogs.org\/?p=1145","title":{"rendered":""},"content":{"rendered":"<div class=\"cartouche\">\n<p class=\"titre\">[pomp\u00e9 sur l&rsquo;<a href=\"https:\/\/oclibertaire.lautre.net\/spip.php?article4533\">OCL<\/a>]<\/p>\n<h2 class=\"titre\">Retour de No Mine\u2019s Land 2025 dans l\u2019Allier<\/h2>\n<p><small>mercredi 15 octobre 2025<\/small><\/p>\n<\/div>\n<div class=\"chapo\">\n<p>Stop Mines 03 a organis\u00e9 trois jours de rencontres avec conf\u00e9rences, d\u00e9bats, tables rondes, concerts et plein d\u2019autres choses, en r\u00e9ponse \u00e0 l\u2019appel aux journ\u00e9es internationales contre l\u2019extractivisme, dont l\u2019origine est situ\u00e9e au Mexique le 22 juillet 2009. L\u2019id\u00e9e est reprise d\u00e8s 2013 dans la Sarthe suite aux d\u00e9clarations d\u2019Arnaud Montebourg sur la relance de l\u2019industrie mini\u00e8re en France. Par la suite Stop Mines 23 (Creuse) poursuivra l\u2019aventure pendant plusieurs ann\u00e9es, en opposition aux projets de mines d\u2019or sur son territoire et en Guyane.<\/p>\n<\/div>\n<div class=\"texte\">\n<h2 class=\"spip\"><img loading=\"lazy\" decoding=\"async\" src=\"https:\/\/oclibertaire.lautre.net\/local\/cache-vignettes\/L131xH28\/729896a67dab12b2fc51f7a5a8bda40d-d4a25.png?1760513462\" alt=\"O\u00f9 \u00e9tait-on ?\" width=\"131\" height=\"28\" \/><\/h2>\n<p>Le camp s\u2019est tenu dans une petite commune, La Celle, \u00e0 mi-chemin entre Echassi\u00e8res (mine de lithium) et Montlu\u00e7on (usine de raffinage). Pourquoi est-ce si important de l\u2019\u00e9crire ? Pour remercier chaleureusement la Maire de cette commune et son \u00e9poux qui ont mis \u00e0 notre disposition plusieurs hectares de leurs terres agricoles ainsi qu\u2019une alimentation en \u00e9lectricit\u00e9 et en eau, gracieusement. Leur soutien en zone hostile et malgr\u00e9 les pressions des autorit\u00e9s, est \u00e0 saluer ! Pour preuve, nous apprenons que nos h\u00f4tes ont vu 70 m de leur cl\u00f4ture coup\u00e9e du haut en bas, risquant ainsi une errance d\u2019une partie de leurs animaux, sans compter les frais occasionn\u00e9s.<\/p>\n<h2 class=\"spip\"><img loading=\"lazy\" decoding=\"async\" src=\"https:\/\/oclibertaire.lautre.net\/local\/cache-vignettes\/L179xH28\/5a4085b5ecac688eb68d9dd40001cff6-08cd3.png?1760513462\" alt=\"Ni Ici, Ni Ailleurs !\" width=\"179\" height=\"28\" \/><\/h2>\n<p>Depuis la cr\u00e9ation de Stop Mines 03 en janvier 2023, le \u00ab\u00a0Ni ici, ni ailleurs\u00a0\u00bb fut d\u00e9fendu en r\u00e9ponse au \u00ab\u00a0pas chez nous\u00a0\u00bb des d\u00e9fenseurs du cadre de vie et au \u00ab\u00a0prendre notre part du d\u00e9sastre \u00e9cologique\u00a0\u00bb des \u00e9cologistes bon teint.<br class=\"autobr\" \/>Suite \u00e0 notre info-tour et aux diverses rencontres, nous avons cr\u00e9\u00e9 des liens avec d\u2019autres collectifs sur le territoire fran\u00e7ais, tels les Stop Mines, mais aussi ceux qui luttent contre la num\u00e9risation de la soci\u00e9t\u00e9, contre le militarisme et l\u2019armement, contre le nucl\u00e9aire, contre l\u2019extraction des mati\u00e8res premi\u00e8res. Nous sommes en relation avec plusieurs collectifs europ\u00e9ens, au Portugal, en Espagne, en Allemagne, en Serbie, en Belgique, mais aussi avec des collectifs des Am\u00e9riques, en Argentine, au Qu\u00e9bec et d\u2019Afrique en RDC (R\u00e9publique D\u00e9mocratique du Congo), dont une bonne partie \u00e9tait en repr\u00e9sentation lors des rencontres.<br class=\"autobr\" \/>Le \u00ab\u00a0Ni ici\u00a0\u00bb doit mettre en exergue que plus l\u2019extraction dans nos contr\u00e9es se fera, plus l\u2019extraction ne pourra qu\u2019\u00eatre exponentielle ailleurs, du fait de la multiplication de la demande en minerais, m\u00e9taux et terres rares non disponibles sur nos territoires.<\/p>\n<h2 class=\"spip\"><img loading=\"lazy\" decoding=\"async\" src=\"https:\/\/oclibertaire.lautre.net\/local\/cache-vignettes\/L89xH28\/fa8ae6bfc83c2570bfa20f3e59adacf2-08913.png?1760513462\" alt=\"Le camp\" width=\"89\" height=\"28\" \/><\/h2>\n<p>Plusieurs conf\u00e9rences\/d\u00e9bats se sont tenus, minerais et armement, \u00e9tat des lieux des luttes contre Im\u00e9rys (multinationale \u00e0 l\u2019origine du projet de la mine d\u2019Echassi\u00e8res), outils juridiques dans les luttes, conf\u00e9rence gesticul\u00e9e sur la lutte, projet Emili \u00e0 Echassi\u00e8res mythes et r\u00e9alit\u00e9s de la transition \u00e9cologique, militarisme et antimilitarisme en AURA (Auvergne Rh\u00f4ne-Alpes), victoires dans nos luttes, extractivisme et radioactivit\u00e9. Des ateliers, d\u00e9placement collectif en manif, d\u00e9fense collective et anti-rep. savoirs et outils pratiques. Des tables rondes, organiser la lutte contre l\u2019extractivisme en France, lutter contre l\u2019extractivisme et renforcer les solidarit\u00e9s internationales. Et des balades naturalistes et Toxic Tour en for\u00eat des Colettes.<br class=\"autobr\" \/>Pour l\u2019anecdote, la lecture faite par la pr\u00e9fecture de l\u2019Allier qui valut de figurer dans un des arr\u00eat\u00e9s de restrictions de nos all\u00e9es et venues porte sur l\u2019anti-rep., retranscrit en un rassemblement pr\u00f4nant un discours anti-r\u00e9publicain, Hi\u00a0! Hi\u00a0! Hi\u00a0!<\/p>\n<p>Les discussions de la premi\u00e8re table ronde (organiser la lutte contre l\u2019extractivisme en France) ont donn\u00e9 lieu \u00e0 un d\u00e9bat tr\u00e8s int\u00e9ressant entre les diff\u00e9rents collectifs pr\u00e9sents. Nous avons \u00e9t\u00e9 confront\u00e9s (Stop Mines 03) \u00e0 une assembl\u00e9e g\u00e9n\u00e9rale non pr\u00e9vue. L\u2019id\u00e9e initiale de l\u2019organisateur fut interpr\u00e9t\u00e9e comme un centralisme de la lutte ce qui le chafouina. Alors qu\u2019\u00e0 la fin des d\u00e9bats, tout le monde \u00e9tait tr\u00e8s satisfait de l\u2019orientation de cette table ronde, qualifi\u00e9e de riche et \u00ab\u00a0d\u00e9mocratique\u00a0\u00bb. Une autre probl\u00e9matique a \u00e9t\u00e9 questionn\u00e9e, celle de la manifestation du dimanche. La question pos\u00e9e \u00e9tant le but de celle-ci\u00a0? Nous avions, dans nos communications, annonc\u00e9 un d\u00e9fil\u00e9 festif, color\u00e9 et familial. Ce qui pour certains posaient probl\u00e8me\u00a0! Nous ne pouvions pas r\u00e9pondre \u00e0 leurs attentes dans l\u2019imm\u00e9diat, d\u00e9cision fut prise que nous ferions notre assembl\u00e9e g\u00e9n\u00e9rale pour pr\u00e9ciser le soir m\u00eame notre position et nous leur ferions part de celle-ci le lendemain midi. Nous avons pr\u00e9par\u00e9 un texte que nous leur avons lu le samedi midi. Les d\u00e9bats qui s\u2019ensuivirent, montr\u00e8rent une vision diff\u00e9rente entre militance de la ville et de la campagne. Et entre militant aguerri et militant novice. Mais le message est pass\u00e9, nous restions sur un d\u00e9fil\u00e9 festif, color\u00e9 et familial. Selon le d\u00e9compte effectu\u00e9 par la cantine, 350 repas avaient \u00e9t\u00e9 servis le samedi, les personnes de passage venant s\u2019additionner.<\/p>\n<h2 class=\"spip\"><img loading=\"lazy\" decoding=\"async\" src=\"https:\/\/oclibertaire.lautre.net\/local\/cache-vignettes\/L185xH28\/ceaae1ac18125025f9657a456bd137a6-8af3a.png?1760513462\" alt=\"La manifestation \" width=\"185\" height=\"28\" \/><\/h2>\n<p>Le dimanche, en d\u00e9but de matin\u00e9e, une r\u00e9union en 2 parties \u00e9tait pr\u00e9vue pour organiser la manifestation. Premi\u00e8rement, la partie strat\u00e9gique, repr\u00e9ciser les buts du d\u00e9fil\u00e9 et convenir d\u2019un d\u00e9part en convoi dont l\u2019objectif \u00e9tait de refuser les contr\u00f4les d\u2019identit\u00e9s en bloquant si n\u00e9cessaire la circulation et faire bloc en sortant des v\u00e9hicules. Deuxi\u00e8mement, la partie legal team, avec distribution des coordonn\u00e9es de l\u2019avocat et du contact anti-rep.<\/p>\n<p>Le convoi se passa bien jusqu\u2019\u00e0 Lapeyrouse, bourgade non loin d\u2019Echassi\u00e8res, o\u00f9 l\u00e0, un barrage de la gendarmerie \u00e9tait positionn\u00e9. L\u2019application de notre strat\u00e9gie nous a permis de forcer le barrage. Arriv\u00e9s \u00e0 Echassi\u00e8res, une d\u00e9l\u00e9gation gendarmesque beaucoup plus cons\u00e9quente nous attendait et aussi un peu plus v\u00e9n\u00e8re, mais nous laissait aller nous garer \u00e0 l\u2019endroit pr\u00e9vu. C\u2019est au retour, alors que nous revenions vers la salle des f\u00eates, lieu o\u00f9 nous devions nous sustenter, qu\u2019ils nous bloqu\u00e8rent, alors que la manifestation avait \u00e9t\u00e9 d\u00e9clar\u00e9e. L\u2019autorit\u00e9 sup\u00e9rieure de la gendarmerie locale nous fit part que vu le nombre de personnes masqu\u00e9es, il \u00e9tait hors de question de les laisser manifester. Apr\u00e8s discussion pendant le repas, nous d\u00e9cidions d\u2019appliquer la m\u00eame strat\u00e9gie que pour le barrage, forcer le passage ce qui ne fut pas n\u00e9cessaire car la consigne de l\u2019autorit\u00e9 supr\u00eame ne fut pas ex\u00e9cut\u00e9e. La manifestation se passa comme pr\u00e9vu, d\u00e9fil\u00e9 festif, color\u00e9 et familial. Notons toutefois, quelques tags et une d\u00e9t\u00e9rioration de drapeaux au passage devant la Mairie. Le d\u00e9ploiement des forces r\u00e9publicaines visibles seulement \u00e0 l\u2019int\u00e9rieur de l\u2019enclos de la mine, propri\u00e9t\u00e9 priv\u00e9e d\u2019Im\u00e9rys, cela nous rassure sur les fondements de l\u2019\u00e9tat de droit de nos soci\u00e9t\u00e9s capitalistes. Quatre des renseignements int\u00e9rieurs firent un bout de chemin avec nous, jusqu\u2019au moment o\u00f9 la d\u00e9cision fut prise de les virer.<\/p>\n<div class=\"spip_document_10513 spip_document spip_documents spip_document_image spip_documents_center spip_document_center spip_document_avec_legende\" data-legende-len=\"47\" data-legende-lenx=\"x\">\n<figure class=\"spip_doc_inner\"><figcaption class=\"spip_doc_legende\">\n<div class=\"spip_doc_titre \">\n<p><img loading=\"lazy\" decoding=\"async\" class=\"size-full wp-image-1146\" src=\"https:\/\/raslamine.noblogs.org\/files\/2025\/10\/nomines-e5642.png\" alt=\"manif-allier\" width=\"520\" height=\"293\" srcset=\"https:\/\/raslamine.noblogs.org\/files\/2025\/10\/nomines-e5642.png 520w, https:\/\/raslamine.noblogs.org\/files\/2025\/10\/nomines-e5642-300x169.png 300w\" sizes=\"auto, (max-width: 520px) 100vw, 520px\" \/><\/p>\n<p><strong>manifestation Echassi\u00e8 res le 27 juillet 2025 <\/strong><\/p>\n<\/div>\n<\/figcaption><\/figure>\n<\/div>\n<p>Tout cela peut sembler anecdotique pour certains, mais dans nos campagnes o\u00f9 le respect de l\u2019autorit\u00e9, les conversations avec les agents des renseignements int\u00e9rieurs et de la gendarmerie sous pr\u00e9texte qu\u2019ils sont gentils et\/ou de la famille sont monnaie courante, il \u00e9tait n\u00e9cessaire de le souligner.<br class=\"autobr\" \/>Un d\u00e9compte de notre connaissance JPE, donna le chiffre de 400 personnes, ce qui pour une commune de moins de 400 habitants est tr\u00e8s satisfaisant (surtout que la moiti\u00e9 des participants \u00e9taient des locaux). Pour comparaison cela correspondrait \u00e0 Paris \u00e0 2 millions de personnes, mais non, je rigole\u00a0! Par contre, beaucoup de locaux n\u2019ont pu \u00eatre pr\u00e9sents car les routes menant \u00e0 Echassi\u00e8res \u00e9taient interdites. Survol par drone autoris\u00e9 par arr\u00eat\u00e9 pr\u00e9fectoral.<\/p>\n<p>Le retour au camp de base se fit presque sans probl\u00e8me, sauf qu\u2019une voiture recherch\u00e9e pour refus de contr\u00f4le lors des jours pass\u00e9s et noy\u00e9e dans le convoi fut rep\u00e9r\u00e9e et une tentative des gendarmes de l\u2019intercepter fut d\u00e9jou\u00e9e avec la m\u00eame strat\u00e9gie que pour l\u2019aller, \u00e0 savoir action collective.<\/p>\n<h2 class=\"spip\"><img loading=\"lazy\" decoding=\"async\" src=\"https:\/\/oclibertaire.lautre.net\/local\/cache-vignettes\/L213xH28\/32511ac408f657234d9cc27eb918de3e-1f21f.png?1760513462\" alt=\"O\u00f9 en est le projet ?\" width=\"213\" height=\"28\" \/><\/h2>\n<p>Suite \u00e0 l\u2019enqu\u00eate publique concernant la phase pilote, ont \u00e9t\u00e9 accord\u00e9s les permis de construire pour l\u2019usine de concassage \u00e0 Echassi\u00e8res et l\u2019usine de conversion \u00e0 Saint-Victor (pr\u00e8s de Montlu\u00e7on) \u00e0 une \u00e9chelle de 1\/80\u00e8 et 1\/160\u00e8 de la phase industrielle. Une d\u00e9rogation pour d\u00e9buter les travaux avant acceptation de l\u2019autorit\u00e9 environnementale n\u2019a pas \u00e9t\u00e9 accord\u00e9e. Ce qui repousse le d\u00e9but des travaux \u00e0 la fin de l\u2019ann\u00e9e 2025.<br class=\"autobr\" \/>Nous apprenons par voie de presse que la multinationale Im\u00e9rys reporte le d\u00e9but de la phase industrielle \u00e0 2030 au lieu de 2028. Mais pour une dur\u00e9e double, soit 50 ans au lieu de 25 ans, du fait d\u2019un gisement beaucoup plus important qu\u2019initialement estim\u00e9.<\/p>\n<p>D\u2019autre part, l\u2019action boursi\u00e8re d\u2019Im\u00e9rys a chut\u00e9 suite \u00e0 l\u2019effondrement du cours du lithium qui est actuellement aux environs de 10 euros le kg, pour un prix d\u2019extraction entre 7 et 9 euros le kg, montant mentionn\u00e9 dans le dossier Im\u00e9rys.<\/p>\n<p>Par ailleurs l\u2019estimation des investissements \u00e0 l\u2019origine de 1 milliard d\u2019euros passe \u00e0 1.8 milliard d\u2019euros.<br class=\"autobr\" \/>Comme nous pouvons le voir ci-dessus, l\u2019int\u00e9r\u00eat n\u2019est plus seulement \u00e9cologique, mais financier, mais qui en doutait\u00a0?<\/p>\n<h2 class=\"spip\"><img loading=\"lazy\" decoding=\"async\" src=\"https:\/\/oclibertaire.lautre.net\/local\/cache-vignettes\/L167xH28\/da1c0abb90d1c61d7b23c23312520ac3-ecfc0.png?1760513462\" alt=\"Nos victoires ! \" width=\"167\" height=\"28\" \/><\/h2>\n<p>La premi\u00e8re victoire est tout d\u2019abord, notre travail d\u2019informations, de contacts, de rencontres depuis bient\u00f4t trois ans, cela nous a permis avec une aide ext\u00e9rieure pr\u00e9cieuse d\u2019organiser 3 jours de rencontres collectives contre l\u2019extractivisme mettant en cause l\u2019organisation capitaliste des territoires.<br class=\"autobr\" \/>Pour beaucoup d\u2019entre nous, la non interdiction de la manifestation \u00e0 Echassi\u00e8res est \u00e0 elle seule d\u00e9j\u00e0 une victoire.<\/p>\n<p>Malgr\u00e9 les derni\u00e8res informations que nous avons du projet, qui sont plus dues \u00e0 la g\u00e9opolitique du moment, qu\u2019\u00e0 un r\u00e9el abandon du projet, nous restons attentifs et en lutte\u00a0!<\/p>\n<p><i>DAGE ao\u00fbt 2025<\/i><\/p>\n<\/div>\n","protected":false},"excerpt":{"rendered":"<p>[pomp\u00e9 sur l&rsquo;OCL] Retour de No Mine\u2019s Land 2025 dans l\u2019Allier mercredi 15 octobre 2025 Stop Mines 03 a organis\u00e9 trois jours de rencontres avec conf\u00e9rences, d\u00e9bats, tables rondes, concerts et plein d\u2019autres choses, en r\u00e9ponse \u00e0 l\u2019appel aux journ\u00e9es &hellip; <a href=\"https:\/\/raslamine.noblogs.org\/?p=1145\">Continuer la lecture <span class=\"meta-nav\">&rarr;<\/span><\/a><\/p>\n","protected":false},"author":19922,"featured_media":0,"comment_status":"closed","ping_status":"closed","sticky":false,"template":"","format":"standard","meta":{"footnotes":""},"categories":[3,15,1,6],"tags":[],"class_list":["post-1145","post","type-post","status-publish","format-standard","hentry","category-agitation","category-allier","category-general","category-manifestation-perturbation"],"_links":{"self":[{"href":"https:\/\/raslamine.noblogs.org\/index.php?rest_route=\/wp\/v2\/posts\/1145","targetHints":{"allow":["GET"]}}],"collection":[{"href":"https:\/\/raslamine.noblogs.org\/index.php?rest_route=\/wp\/v2\/posts"}],"about":[{"href":"https:\/\/raslamine.noblogs.org\/index.php?rest_route=\/wp\/v2\/types\/post"}],"author":[{"embeddable":true,"href":"https:\/\/raslamine.noblogs.org\/index.php?rest_route=\/wp\/v2\/users\/19922"}],"replies":[{"embeddable":true,"href":"https:\/\/raslamine.noblogs.org\/index.php?rest_route=%2Fwp%2Fv2%2Fcomments&post=1145"}],"version-history":[{"count":2,"href":"https:\/\/raslamine.noblogs.org\/index.php?rest_route=\/wp\/v2\/posts\/1145\/revisions"}],"predecessor-version":[{"id":1148,"href":"https:\/\/raslamine.noblogs.org\/index.php?rest_route=\/wp\/v2\/posts\/1145\/revisions\/1148"}],"wp:attachment":[{"href":"https:\/\/raslamine.noblogs.org\/index.php?rest_route=%2Fwp%2Fv2%2Fmedia&parent=1145"}],"wp:term":[{"taxonomy":"category","embeddable":true,"href":"https:\/\/raslamine.noblogs.org\/index.php?rest_route=%2Fwp%2Fv2%2Fcategories&post=1145"},{"taxonomy":"post_tag","embeddable":true,"href":"https:\/\/raslamine.noblogs.org\/index.php?rest_route=%2Fwp%2Fv2%2Ftags&post=1145"}],"curies":[{"name":"wp","href":"https:\/\/api.w.org\/{rel}","templated":true}]}}